{"id":1842,"date":"2026-04-25T17:41:48","date_gmt":"2026-04-25T15:41:48","guid":{"rendered":"http:\/\/zalesie.archidiecezja.wroc.pl\/?p=1842"},"modified":"2026-04-25T17:44:19","modified_gmt":"2026-04-25T15:44:19","slug":"4-niedziela-wielkanocna-26-4-2026-r","status":"publish","type":"post","link":"http:\/\/zalesie.archidiecezja.wroc.pl\/?p=1842","title":{"rendered":"4. niedziela wielkanocna, 26.4.2026 r."},"content":{"rendered":"\n<pre class=\"wp-block-code\"><code>                                                   <\/code><\/pre>\n\n\n\n<p>Jest to <strong>Niedziela<\/strong> <strong>Dobrego Pasterza<\/strong> &#8211; obchodzimy dzi\u015b                                                                            <strong>\u015awiatowy Dzie\u0144 Modlitw o Powo\u0142ania<\/strong>                                                                                            i rozpoczyna si\u0119 <strong>Tydzie\u0144 Modlitw o Powo\u0142ania<\/strong> (do 2.5)<\/p>\n\n\n\n<pre class=\"wp-block-code\"><code>                                                                            Kalendarz liturgiczny:<\/code><\/pre>\n\n\n\n<p>29.4, \u015broda, &#8211; \u015bwi\u0119to \u015bw. Katarzyny ze Sieny, dziewicy i doktora Ko\u015bcio\u0142a,                   patronki Europy;<br><strong>2.5, sobota<\/strong>, <strong>uroczysto\u015b\u0107 Naj\u015bwi\u0119tszej Maryi Panny<\/strong>, kr\u00f3lowej Polski.                      <strong>Porz\u0105dek mszy \u015bwi\u0119tych: 7, 12 i 18<\/strong>. <\/p>\n\n\n\n<p>Osoby starsze i chore odwiedzimy z Komuni\u0105 \u015bwi\u0119t\u0105 w drug\u0105 sobot\u0119 miesi\u0105ca (9.5)<\/p>\n\n\n\n<p>S\u0105 do nabycia czasopisma &#8220;Nowe \u017cycie&#8221;, &#8220;Niedziela&#8221;, &#8220;Trwajcie w mi\u0142o\u015bci&#8221;,                    &#8220;Misyjne drogi&#8221;.<\/p>\n\n\n\n<p>Do wtorku (28.4) trwa akcja ekologiczna polegaj\u0105ca na zbi\u00f3rce zu\u017cytego sprz\u0119tu elektrycznego i elektronicznego . Mo\u017cna ten sprz\u0119t przynosi\u0107, najlepiej w godzinach pracy biura parafialnego.<\/p>\n\n\n\n<p>Biuro parafialne czynne w godzinach 16.00 \u2013 17.30 w \u015brody i pi\u0105tki.<\/p>\n","protected":false},"excerpt":{"rendered":"<p>Jest to Niedziela Dobrego Pasterza &#8211; obchodzimy dzi\u015b \u015awiatowy Dzie\u0144 Modlitw o Powo\u0142ania i rozpoczyna si\u0119 Tydzie\u0144 Modlitw o Powo\u0142ania (do 2.5) 29.4, \u015broda, &#8211; \u015bwi\u0119to \u015bw. Katarzyny ze Sieny, dziewicy i doktora Ko\u015bcio\u0142a, patronki Europy;2.5, sobota, uroczysto\u015b\u0107 Naj\u015bwi\u0119tszej Maryi Panny, kr\u00f3lowej Polski. Porz\u0105dek mszy \u015bwi\u0119tych: 7, 12 i 18. Osoby starsze i chore odwiedzimy &hellip; <a href=\"http:\/\/zalesie.archidiecezja.wroc.pl\/?p=1842\" class=\"more-link\">Continue reading <span class=\"screen-reader-text\">4. niedziela wielkanocna, 26.4.2026 r.<\/span><\/a><\/p>\n","protected":false},"author":1,"featured_media":0,"comment_status":"closed","ping_status":"open","sticky":false,"template":"","format":"standard","meta":[],"categories":[1],"tags":[],"_links":{"self":[{"href":"http:\/\/zalesie.archidiecezja.wroc.pl\/index.php?rest_route=\/wp\/v2\/posts\/1842"}],"collection":[{"href":"http:\/\/zalesie.archidiecezja.wroc.pl\/index.php?rest_route=\/wp\/v2\/posts"}],"about":[{"href":"http:\/\/zalesie.archidiecezja.wroc.pl\/index.php?rest_route=\/wp\/v2\/types\/post"}],"author":[{"embeddable":true,"href":"http:\/\/zalesie.archidiecezja.wroc.pl\/index.php?rest_route=\/wp\/v2\/users\/1"}],"replies":[{"embeddable":true,"href":"http:\/\/zalesie.archidiecezja.wroc.pl\/index.php?rest_route=%2Fwp%2Fv2%2Fcomments&post=1842"}],"version-history":[{"count":2,"href":"http:\/\/zalesie.archidiecezja.wroc.pl\/index.php?rest_route=\/wp\/v2\/posts\/1842\/revisions"}],"predecessor-version":[{"id":1844,"href":"http:\/\/zalesie.archidiecezja.wroc.pl\/index.php?rest_route=\/wp\/v2\/posts\/1842\/revisions\/1844"}],"wp:attachment":[{"href":"http:\/\/zalesie.archidiecezja.wroc.pl\/index.php?rest_route=%2Fwp%2Fv2%2Fmedia&parent=1842"}],"wp:term":[{"taxonomy":"category","embeddable":true,"href":"http:\/\/zalesie.archidiecezja.wroc.pl\/index.php?rest_route=%2Fwp%2Fv2%2Fcategories&post=1842"},{"taxonomy":"post_tag","embeddable":true,"href":"http:\/\/zalesie.archidiecezja.wroc.pl\/index.php?rest_route=%2Fwp%2Fv2%2Ftags&post=1842"}],"curies":[{"name":"wp","href":"https:\/\/api.w.org\/{rel}","templated":true}]}}