{"id":1838,"date":"2026-04-18T14:02:29","date_gmt":"2026-04-18T12:02:29","guid":{"rendered":"http:\/\/zalesie.archidiecezja.wroc.pl\/?p=1838"},"modified":"2026-04-19T08:42:14","modified_gmt":"2026-04-19T06:42:14","slug":"3-niedziela-wielkanocna-19-4-2026-r","status":"publish","type":"post","link":"http:\/\/zalesie.archidiecezja.wroc.pl\/?p=1838","title":{"rendered":"3. niedziela wielkanocna.  19.4.2026 r."},"content":{"rendered":"\n<pre class=\"wp-block-code\"><code>                                                     <\/code><\/pre>\n\n\n\n<p>Nasz\u0105 liturgi\u0119 ubogacaj\u0105 dzisiaj swoim \u015bpiewem osoby z ch\u00f3ru z Ukrainy.<br><\/p>\n\n\n\n<p>                                                    Kalendarz liturgiczny:<\/p>\n\n\n\n<p>23.4, czwartek uroczysto\u015b\u0107 \u015bw. Wojciecha, biskupa i m\u0119czennika, g\u0142\u00f3wnego Patrona Polski;<br>25.4, sobota, \u015bw. Marka, ewangelisty, \u015bwi\u0119to.<\/p>\n\n\n\n<p>We wtorek 21.4 zapraszamy na spotkanie (g. 19) \u00f3smoklasist\u00f3w, kt\u00f3rzy przygotowuj\u0105 sie do przyj\u0119cia sakramentu bierzmowania.<br>Lektor\u00f3w i ministrant\u00f3w zapraszamy w czwartek, 23.4, na spotkanie na godzin\u0119 18.30 do salki katechetycznej.<br>S\u0105 do nabycia czasopisma &#8220;Nowe \u017cycie&#8221;, &#8220;Niedziela&#8221;, &#8220;Trwajcie w mi\u0142o\u015bci&#8221;, &#8220;Misyjne drogi&#8221;.<br>Trwa akcja ekologiczna polegaj\u0105ca na zbi\u00f3rce zu\u017cytego sprz\u0119tu elektrycznego i elektronicznego . Mo\u017cna ten sprz\u0119t przynosi\u0107, najlepiej w godzinach pracy biura parafialnego.<\/p>\n\n\n\n<p>Biuro parafialne czynne w godzinach 16.00 \u2013 17.30 w \u015brody i pi\u0105tki.<\/p>\n","protected":false},"excerpt":{"rendered":"<p>Nasz\u0105 liturgi\u0119 ubogacaj\u0105 dzisiaj swoim \u015bpiewem osoby z ch\u00f3ru z Ukrainy. Kalendarz liturgiczny: 23.4, czwartek uroczysto\u015b\u0107 \u015bw. Wojciecha, biskupa i m\u0119czennika, g\u0142\u00f3wnego Patrona Polski;25.4, sobota, \u015bw. Marka, ewangelisty, \u015bwi\u0119to. We wtorek 21.4 zapraszamy na spotkanie (g. 19) \u00f3smoklasist\u00f3w, kt\u00f3rzy przygotowuj\u0105 sie do przyj\u0119cia sakramentu bierzmowania.Lektor\u00f3w i ministrant\u00f3w zapraszamy w czwartek, 23.4, na spotkanie na godzin\u0119 &hellip; <a href=\"http:\/\/zalesie.archidiecezja.wroc.pl\/?p=1838\" class=\"more-link\">Continue reading <span class=\"screen-reader-text\">3. niedziela wielkanocna.  19.4.2026 r.<\/span><\/a><\/p>\n","protected":false},"author":1,"featured_media":0,"comment_status":"closed","ping_status":"open","sticky":false,"template":"","format":"standard","meta":[],"categories":[1],"tags":[],"_links":{"self":[{"href":"http:\/\/zalesie.archidiecezja.wroc.pl\/index.php?rest_route=\/wp\/v2\/posts\/1838"}],"collection":[{"href":"http:\/\/zalesie.archidiecezja.wroc.pl\/index.php?rest_route=\/wp\/v2\/posts"}],"about":[{"href":"http:\/\/zalesie.archidiecezja.wroc.pl\/index.php?rest_route=\/wp\/v2\/types\/post"}],"author":[{"embeddable":true,"href":"http:\/\/zalesie.archidiecezja.wroc.pl\/index.php?rest_route=\/wp\/v2\/users\/1"}],"replies":[{"embeddable":true,"href":"http:\/\/zalesie.archidiecezja.wroc.pl\/index.php?rest_route=%2Fwp%2Fv2%2Fcomments&post=1838"}],"version-history":[{"count":2,"href":"http:\/\/zalesie.archidiecezja.wroc.pl\/index.php?rest_route=\/wp\/v2\/posts\/1838\/revisions"}],"predecessor-version":[{"id":1840,"href":"http:\/\/zalesie.archidiecezja.wroc.pl\/index.php?rest_route=\/wp\/v2\/posts\/1838\/revisions\/1840"}],"wp:attachment":[{"href":"http:\/\/zalesie.archidiecezja.wroc.pl\/index.php?rest_route=%2Fwp%2Fv2%2Fmedia&parent=1838"}],"wp:term":[{"taxonomy":"category","embeddable":true,"href":"http:\/\/zalesie.archidiecezja.wroc.pl\/index.php?rest_route=%2Fwp%2Fv2%2Fcategories&post=1838"},{"taxonomy":"post_tag","embeddable":true,"href":"http:\/\/zalesie.archidiecezja.wroc.pl\/index.php?rest_route=%2Fwp%2Fv2%2Ftags&post=1838"}],"curies":[{"name":"wp","href":"https:\/\/api.w.org\/{rel}","templated":true}]}}