{"id":1835,"date":"2026-04-12T00:11:55","date_gmt":"2026-04-11T22:11:55","guid":{"rendered":"http:\/\/zalesie.archidiecezja.wroc.pl\/?p=1835"},"modified":"2026-04-12T00:11:55","modified_gmt":"2026-04-11T22:11:55","slug":"2-niedziela-wielkanocna-milosierdzia-bozego-12-4-2026-r","status":"publish","type":"post","link":"http:\/\/zalesie.archidiecezja.wroc.pl\/?p=1835","title":{"rendered":"2. Niedziela Wielkanocna (Mi\u0142osierdzia Bo\u017cego), 12.4.2026 r."},"content":{"rendered":"\n<pre class=\"wp-block-code\"><code>                                  <\/code><\/pre>\n\n\n\n<p>We wtorek 14.4 zapraszamy na spotkanie (g. 19) \u00f3smoklasist\u00f3w, kt\u00f3rzy przygotowuj\u0105 sie do przyj\u0119cia sakramentu bierzmowania.<\/p>\n\n\n\n<p>Lektor\u00f3w i ministrant\u00f3w zapraszamy w czwartek, 16.4, na spotkanie na godzin\u0119 18.30 do salki katechetycznej.<\/p>\n\n\n\n<p>W pi\u0105tek, 17.4, o 19.30 dodatkowa msza \u015bw. z modlitw\u0105 o uzdrowienie.<\/p>\n\n\n\n<p>S\u0105 do nabycia czasopisma &#8220;Nowe \u017cycie&#8221;, &#8220;Niedziela&#8221;, &#8220;Trwajcie w mi\u0142o\u015bci&#8221;, &#8220;Misyjne drogi&#8221;.<\/p>\n\n\n\n<p>Trwa akcja ekologiczna polegaj\u0105ca na zbi\u00f3rce zu\u017cytego sprz\u0119tu elektrycznego i elektronicznego . Mo\u017cna ten sprz\u0119t przynosi\u0107, najlepiej w godzinach pracy biura parafialnego.<\/p>\n\n\n\n<p>Biuro parafialne czynne w godzinach 16.00 \u2013 17.30 w \u015brody i pi\u0105tki.<\/p>\n","protected":false},"excerpt":{"rendered":"<p>We wtorek 14.4 zapraszamy na spotkanie (g. 19) \u00f3smoklasist\u00f3w, kt\u00f3rzy przygotowuj\u0105 sie do przyj\u0119cia sakramentu bierzmowania. Lektor\u00f3w i ministrant\u00f3w zapraszamy w czwartek, 16.4, na spotkanie na godzin\u0119 18.30 do salki katechetycznej. W pi\u0105tek, 17.4, o 19.30 dodatkowa msza \u015bw. z modlitw\u0105 o uzdrowienie. S\u0105 do nabycia czasopisma &#8220;Nowe \u017cycie&#8221;, &#8220;Niedziela&#8221;, &#8220;Trwajcie w mi\u0142o\u015bci&#8221;, &#8220;Misyjne drogi&#8221;. &hellip; <a href=\"http:\/\/zalesie.archidiecezja.wroc.pl\/?p=1835\" class=\"more-link\">Continue reading <span class=\"screen-reader-text\">2. Niedziela Wielkanocna (Mi\u0142osierdzia Bo\u017cego), 12.4.2026 r.<\/span><\/a><\/p>\n","protected":false},"author":1,"featured_media":0,"comment_status":"closed","ping_status":"open","sticky":false,"template":"","format":"standard","meta":[],"categories":[1],"tags":[],"_links":{"self":[{"href":"http:\/\/zalesie.archidiecezja.wroc.pl\/index.php?rest_route=\/wp\/v2\/posts\/1835"}],"collection":[{"href":"http:\/\/zalesie.archidiecezja.wroc.pl\/index.php?rest_route=\/wp\/v2\/posts"}],"about":[{"href":"http:\/\/zalesie.archidiecezja.wroc.pl\/index.php?rest_route=\/wp\/v2\/types\/post"}],"author":[{"embeddable":true,"href":"http:\/\/zalesie.archidiecezja.wroc.pl\/index.php?rest_route=\/wp\/v2\/users\/1"}],"replies":[{"embeddable":true,"href":"http:\/\/zalesie.archidiecezja.wroc.pl\/index.php?rest_route=%2Fwp%2Fv2%2Fcomments&post=1835"}],"version-history":[{"count":1,"href":"http:\/\/zalesie.archidiecezja.wroc.pl\/index.php?rest_route=\/wp\/v2\/posts\/1835\/revisions"}],"predecessor-version":[{"id":1836,"href":"http:\/\/zalesie.archidiecezja.wroc.pl\/index.php?rest_route=\/wp\/v2\/posts\/1835\/revisions\/1836"}],"wp:attachment":[{"href":"http:\/\/zalesie.archidiecezja.wroc.pl\/index.php?rest_route=%2Fwp%2Fv2%2Fmedia&parent=1835"}],"wp:term":[{"taxonomy":"category","embeddable":true,"href":"http:\/\/zalesie.archidiecezja.wroc.pl\/index.php?rest_route=%2Fwp%2Fv2%2Fcategories&post=1835"},{"taxonomy":"post_tag","embeddable":true,"href":"http:\/\/zalesie.archidiecezja.wroc.pl\/index.php?rest_route=%2Fwp%2Fv2%2Ftags&post=1835"}],"curies":[{"name":"wp","href":"https:\/\/api.w.org\/{rel}","templated":true}]}}