{"id":1833,"date":"2026-04-06T09:52:21","date_gmt":"2026-04-06T07:52:21","guid":{"rendered":"http:\/\/zalesie.archidiecezja.wroc.pl\/?p=1833"},"modified":"2026-04-06T09:52:21","modified_gmt":"2026-04-06T07:52:21","slug":"niedziela-zmartwychwstania-panskiego-5-4-2025-r","status":"publish","type":"post","link":"http:\/\/zalesie.archidiecezja.wroc.pl\/?p=1833","title":{"rendered":"Niedziela Zmartwychwstania Pa\u0144skiego,                 5.4.2025 r."},"content":{"rendered":"\n<p><strong>WSZYSTKIM PARAFIANOM I GO\u015aCIOM \u017bYCZYMY BO\u017bEGO B\u0141OGOS\u0141AWIE\u0143STWA NA CA\u0141Y OKRES \u015aWI\u0104T WIELKANOCNYCH.                                        NIECH NAS PROWADZI JEZUS ZMARTWYCHWSTA\u0141Y!<\/strong><br><\/p>\n\n\n\n<p>Do nabycia s\u0105 gazety: Niedziela, Nowe \u017cycie.<br>Osoby starsze i chore odwiedzimy z Naj\u015bw. Sakramentem w drug\u0105 sobot\u0119 kwietnia, 11.4.<\/p>\n\n\n\n<pre class=\"wp-block-code\"><code>                <\/code><\/pre>\n\n\n\n<p>W Niedziel\u0119 Zmartwychwstania Pa\u0144skiego msze \u015bw. o g. 9, 10.30, 12 i 18 (nie ma mszy \u015bw. o g. 7-mej).<br>W Poniedzia\u0142ek Wielkanocny msze \u015bw. o g. 7 ,9, 10.30, 12 i 18.<\/p>\n","protected":false},"excerpt":{"rendered":"<p>WSZYSTKIM PARAFIANOM I GO\u015aCIOM \u017bYCZYMY BO\u017bEGO B\u0141OGOS\u0141AWIE\u0143STWA NA CA\u0141Y OKRES \u015aWI\u0104T WIELKANOCNYCH. NIECH NAS PROWADZI JEZUS ZMARTWYCHWSTA\u0141Y! Do nabycia s\u0105 gazety: Niedziela, Nowe \u017cycie.Osoby starsze i chore odwiedzimy z Naj\u015bw. Sakramentem w drug\u0105 sobot\u0119 kwietnia, 11.4. W Niedziel\u0119 Zmartwychwstania Pa\u0144skiego msze \u015bw. o g. 9, 10.30, 12 i 18 (nie ma mszy \u015bw. o g. &hellip; <a href=\"http:\/\/zalesie.archidiecezja.wroc.pl\/?p=1833\" class=\"more-link\">Continue reading <span class=\"screen-reader-text\">Niedziela Zmartwychwstania Pa\u0144skiego,                 5.4.2025 r.<\/span><\/a><\/p>\n","protected":false},"author":1,"featured_media":0,"comment_status":"closed","ping_status":"open","sticky":false,"template":"","format":"standard","meta":[],"categories":[1],"tags":[],"_links":{"self":[{"href":"http:\/\/zalesie.archidiecezja.wroc.pl\/index.php?rest_route=\/wp\/v2\/posts\/1833"}],"collection":[{"href":"http:\/\/zalesie.archidiecezja.wroc.pl\/index.php?rest_route=\/wp\/v2\/posts"}],"about":[{"href":"http:\/\/zalesie.archidiecezja.wroc.pl\/index.php?rest_route=\/wp\/v2\/types\/post"}],"author":[{"embeddable":true,"href":"http:\/\/zalesie.archidiecezja.wroc.pl\/index.php?rest_route=\/wp\/v2\/users\/1"}],"replies":[{"embeddable":true,"href":"http:\/\/zalesie.archidiecezja.wroc.pl\/index.php?rest_route=%2Fwp%2Fv2%2Fcomments&post=1833"}],"version-history":[{"count":1,"href":"http:\/\/zalesie.archidiecezja.wroc.pl\/index.php?rest_route=\/wp\/v2\/posts\/1833\/revisions"}],"predecessor-version":[{"id":1834,"href":"http:\/\/zalesie.archidiecezja.wroc.pl\/index.php?rest_route=\/wp\/v2\/posts\/1833\/revisions\/1834"}],"wp:attachment":[{"href":"http:\/\/zalesie.archidiecezja.wroc.pl\/index.php?rest_route=%2Fwp%2Fv2%2Fmedia&parent=1833"}],"wp:term":[{"taxonomy":"category","embeddable":true,"href":"http:\/\/zalesie.archidiecezja.wroc.pl\/index.php?rest_route=%2Fwp%2Fv2%2Fcategories&post=1833"},{"taxonomy":"post_tag","embeddable":true,"href":"http:\/\/zalesie.archidiecezja.wroc.pl\/index.php?rest_route=%2Fwp%2Fv2%2Ftags&post=1833"}],"curies":[{"name":"wp","href":"https:\/\/api.w.org\/{rel}","templated":true}]}}