{"id":1829,"date":"2026-03-28T13:30:28","date_gmt":"2026-03-28T12:30:28","guid":{"rendered":"http:\/\/zalesie.archidiecezja.wroc.pl\/?p=1829"},"modified":"2026-03-28T13:32:45","modified_gmt":"2026-03-28T12:32:45","slug":"niedziela-palmowa-meki-panskiej-29-3-2026-r","status":"publish","type":"post","link":"http:\/\/zalesie.archidiecezja.wroc.pl\/?p=1829","title":{"rendered":"Niedziela Palmowa                             (M\u0119ki Pa\u0144skiej), 29.3.2026 r."},"content":{"rendered":"\n<pre class=\"wp-block-code\"><code>             <\/code><\/pre>\n\n\n\n<p>Dzisiaj o g. 17.30 \u2013 ostatnie w tym roku gorzkie \u017cale.<br><strong>Na dzie\u0142a misyjne <\/strong>m\u0142odzie\u017c zebra\u0142a 2 tygodnie temu temu <strong>4045,88 PLN<\/strong>,                                a tydzie\u0144 temu zebrali\u015bmy <strong>na hospicjum 3230,50 PLN<\/strong>.                                                      Bardzo serdecznie dzi\u0119kujemy za ofiarno\u015b\u0107.<br>We wtorek, zapraszamy m\u0142odzie\u017c z klas \u00f3smych na przygotowanie do bierzmowania. Spotkanie o g. 19.15 w salce katechetycznej.<br>Do nabycia s\u0105 gazety: Niedziela, Nowe \u017cycie.<br>Mo\u017cna sk\u0142ada\u0107 ofiary na kwiaty do Bo\u017cego Grobu.<br><strong>W Wielki Czwartek Msza Wieczerzy Pa\u0144skiej o g. 18<\/strong>, nie ma mszy o 7.<br><strong>W Wielki Pi\u0105tek: droga krzy\u017cowa o g. 12,                                                                              Liturgia M\u0119ki Pa\u0144skiej o g. 18.<\/strong><br>Zapraszamy do czuwania w \u201cciemnicy\u201d w Wielki Pi\u0105tek i przy Bo\u017cym Grobie w Wielk\u0105 Sobot\u0119. Zapisy w zakrystii.<br><strong>W Wielk\u0105 Sobot\u0119<\/strong> \u2013 <strong>b\u0142ogos\u0142awienie pokarm\u00f3w przed ko\u015bcio\u0142em o g.12, 13, 14, 15<\/strong> . Osoby starsze i chore odwiedzimy z Naj\u015bw. Sakramentem w drug\u0105 sobot\u0119 kwietnia, 11.4.<br><strong>Wigilia Paschalna o g. 21.00<\/strong>.<br><strong>W Niedziel\u0119 Zmartwychwstania Pa\u0144skiego msze \u015bw. o g. 9, 10.30, 12 i 18<\/strong>                           (nie ma mszy \u015bw. o g. 7-mej).<br><strong>W Poniedzia\u0142ek Wielkanocny msze \u015bw. o g. 7 ,9, 10.30, 12 i 18<\/strong>.<\/p>\n","protected":false},"excerpt":{"rendered":"<p>Dzisiaj o g. 17.30 \u2013 ostatnie w tym roku gorzkie \u017cale.Na dzie\u0142a misyjne m\u0142odzie\u017c zebra\u0142a 2 tygodnie temu temu 4045,88 PLN, a tydzie\u0144 temu zebrali\u015bmy na hospicjum 3230,50 PLN. Bardzo serdecznie dzi\u0119kujemy za ofiarno\u015b\u0107.We wtorek, zapraszamy m\u0142odzie\u017c z klas \u00f3smych na przygotowanie do bierzmowania. Spotkanie o g. 19.15 w salce katechetycznej.Do nabycia s\u0105 gazety: Niedziela, &hellip; <a href=\"http:\/\/zalesie.archidiecezja.wroc.pl\/?p=1829\" class=\"more-link\">Continue reading <span class=\"screen-reader-text\">Niedziela Palmowa                             (M\u0119ki Pa\u0144skiej), 29.3.2026 r.<\/span><\/a><\/p>\n","protected":false},"author":1,"featured_media":0,"comment_status":"closed","ping_status":"open","sticky":false,"template":"","format":"standard","meta":[],"categories":[1],"tags":[],"_links":{"self":[{"href":"http:\/\/zalesie.archidiecezja.wroc.pl\/index.php?rest_route=\/wp\/v2\/posts\/1829"}],"collection":[{"href":"http:\/\/zalesie.archidiecezja.wroc.pl\/index.php?rest_route=\/wp\/v2\/posts"}],"about":[{"href":"http:\/\/zalesie.archidiecezja.wroc.pl\/index.php?rest_route=\/wp\/v2\/types\/post"}],"author":[{"embeddable":true,"href":"http:\/\/zalesie.archidiecezja.wroc.pl\/index.php?rest_route=\/wp\/v2\/users\/1"}],"replies":[{"embeddable":true,"href":"http:\/\/zalesie.archidiecezja.wroc.pl\/index.php?rest_route=%2Fwp%2Fv2%2Fcomments&post=1829"}],"version-history":[{"count":2,"href":"http:\/\/zalesie.archidiecezja.wroc.pl\/index.php?rest_route=\/wp\/v2\/posts\/1829\/revisions"}],"predecessor-version":[{"id":1831,"href":"http:\/\/zalesie.archidiecezja.wroc.pl\/index.php?rest_route=\/wp\/v2\/posts\/1829\/revisions\/1831"}],"wp:attachment":[{"href":"http:\/\/zalesie.archidiecezja.wroc.pl\/index.php?rest_route=%2Fwp%2Fv2%2Fmedia&parent=1829"}],"wp:term":[{"taxonomy":"category","embeddable":true,"href":"http:\/\/zalesie.archidiecezja.wroc.pl\/index.php?rest_route=%2Fwp%2Fv2%2Fcategories&post=1829"},{"taxonomy":"post_tag","embeddable":true,"href":"http:\/\/zalesie.archidiecezja.wroc.pl\/index.php?rest_route=%2Fwp%2Fv2%2Ftags&post=1829"}],"curies":[{"name":"wp","href":"https:\/\/api.w.org\/{rel}","templated":true}]}}