{"id":1824,"date":"2026-03-14T17:56:14","date_gmt":"2026-03-14T16:56:14","guid":{"rendered":"http:\/\/zalesie.archidiecezja.wroc.pl\/?p=1824"},"modified":"2026-03-14T17:56:14","modified_gmt":"2026-03-14T16:56:14","slug":"4-niedziela-wielkiego-postu-15-3-2026-r","status":"publish","type":"post","link":"http:\/\/zalesie.archidiecezja.wroc.pl\/?p=1824","title":{"rendered":"4. niedziela Wielkiego Postu, 15.3.2026 r.."},"content":{"rendered":"\n<pre class=\"wp-block-code\"><code>          <\/code><\/pre>\n\n\n\n<p>Jest to niedziela LAETARE, dzie\u0144 rado\u015bci w po\u0142owie Wielkiego Postu.<br>Go\u015bcimy dzi\u015b m\u0142odych ludzi z Salezja\u0144skiego Wolontariatu Misyjnego.<br>Za tydzie\u0144 Niedziela Hospicyjna.<br><strong>W pi\u0105tki Wielkiego Postu droga krzy\u017cowa o g. 9. 00 i 17.30, a w niedziele o g. 17.30<\/strong> (przed msz\u0105 \u015bw. wieczorn\u0105) \u2013<strong> gorzkie \u017cale<\/strong>.<br>W czwartek, 19.3 przypada uroczysto\u015b\u0107 \u015bw. J\u00f3zefa, Oblubie\u0144ca Naj\u015bw. Maryi Panny. Imieniny obchodzi nasz Ksi\u0105dz Arcybiskup. Pami\u0119tajmy o Nim w modlitwie.<br>We wtorek, 17.3 zapraszamy m\u0142odzie\u017c z klas \u00f3smych na przygotowanie do przyj\u0119cia sakramentu bierzmowania. Spotkanie o g. 19 w salce.<br>S\u0105 do nabycia paschaliki po 20 PLN, baranki z bia\u0142ej czekolady po 10 PLN, skarbonki na ja\u0142mu\u017cn\u0119 wielkopostn\u0105 i torby mi\u0142osierdzia. Doch\u00f3d w ca\u0142o\u015bci przeznaczony jest na cele dobroczynne. S\u0105 te\u017c czasopisma &#8220;Nowe \u017cycie&#8221;, &#8220;Niedziela&#8221;, &#8220;Misyjne drogi&#8221;.<br>Ko\u0144czymy gruntowny <strong>remont salki katechetycznej<\/strong> z kominkiem oraz dw\u00f3ch przedsionk\u00f3w i toalety. Ca\u0142kowity <strong>koszt <\/strong>wynosi oko\u0142o <strong>30.000 PLN<\/strong>. Przy wsparciu duszpasterstwa latynoskiego ci\u0105gle zbieramy fundusze na ten remont. Po mszach \u015bw. o 9, 10.30, 12 i 18 zapraszamy wszystkich do tej salki na kaw\u0119\/herbat\u0119 i ciasto.<br>Biuro parafialne czynne w godzinach 16.00 \u2013 17.30 w \u015brody i pi\u0105tki.<\/p>\n","protected":false},"excerpt":{"rendered":"<p>Jest to niedziela LAETARE, dzie\u0144 rado\u015bci w po\u0142owie Wielkiego Postu.Go\u015bcimy dzi\u015b m\u0142odych ludzi z Salezja\u0144skiego Wolontariatu Misyjnego.Za tydzie\u0144 Niedziela Hospicyjna.W pi\u0105tki Wielkiego Postu droga krzy\u017cowa o g. 9. 00 i 17.30, a w niedziele o g. 17.30 (przed msz\u0105 \u015bw. wieczorn\u0105) \u2013 gorzkie \u017cale.W czwartek, 19.3 przypada uroczysto\u015b\u0107 \u015bw. J\u00f3zefa, Oblubie\u0144ca Naj\u015bw. Maryi Panny. Imieniny &hellip; <a href=\"http:\/\/zalesie.archidiecezja.wroc.pl\/?p=1824\" class=\"more-link\">Continue reading <span class=\"screen-reader-text\">4. niedziela Wielkiego Postu, 15.3.2026 r..<\/span><\/a><\/p>\n","protected":false},"author":1,"featured_media":0,"comment_status":"closed","ping_status":"open","sticky":false,"template":"","format":"standard","meta":[],"categories":[1],"tags":[],"_links":{"self":[{"href":"http:\/\/zalesie.archidiecezja.wroc.pl\/index.php?rest_route=\/wp\/v2\/posts\/1824"}],"collection":[{"href":"http:\/\/zalesie.archidiecezja.wroc.pl\/index.php?rest_route=\/wp\/v2\/posts"}],"about":[{"href":"http:\/\/zalesie.archidiecezja.wroc.pl\/index.php?rest_route=\/wp\/v2\/types\/post"}],"author":[{"embeddable":true,"href":"http:\/\/zalesie.archidiecezja.wroc.pl\/index.php?rest_route=\/wp\/v2\/users\/1"}],"replies":[{"embeddable":true,"href":"http:\/\/zalesie.archidiecezja.wroc.pl\/index.php?rest_route=%2Fwp%2Fv2%2Fcomments&post=1824"}],"version-history":[{"count":1,"href":"http:\/\/zalesie.archidiecezja.wroc.pl\/index.php?rest_route=\/wp\/v2\/posts\/1824\/revisions"}],"predecessor-version":[{"id":1825,"href":"http:\/\/zalesie.archidiecezja.wroc.pl\/index.php?rest_route=\/wp\/v2\/posts\/1824\/revisions\/1825"}],"wp:attachment":[{"href":"http:\/\/zalesie.archidiecezja.wroc.pl\/index.php?rest_route=%2Fwp%2Fv2%2Fmedia&parent=1824"}],"wp:term":[{"taxonomy":"category","embeddable":true,"href":"http:\/\/zalesie.archidiecezja.wroc.pl\/index.php?rest_route=%2Fwp%2Fv2%2Fcategories&post=1824"},{"taxonomy":"post_tag","embeddable":true,"href":"http:\/\/zalesie.archidiecezja.wroc.pl\/index.php?rest_route=%2Fwp%2Fv2%2Ftags&post=1824"}],"curies":[{"name":"wp","href":"https:\/\/api.w.org\/{rel}","templated":true}]}}