{"id":1820,"date":"2026-03-07T17:44:00","date_gmt":"2026-03-07T16:44:00","guid":{"rendered":"http:\/\/zalesie.archidiecezja.wroc.pl\/?p=1820"},"modified":"2026-03-07T17:44:00","modified_gmt":"2026-03-07T16:44:00","slug":"3-niedziela-wielkiego-postu-8-3-2026-r","status":"publish","type":"post","link":"http:\/\/zalesie.archidiecezja.wroc.pl\/?p=1820","title":{"rendered":"3. niedziela Wielkiego Postu, 8.3.2026 r."},"content":{"rendered":"\n<pre class=\"wp-block-code\"><code>               3. niedziela Wielkiego Postu                                         8.3.2023.<\/code><\/pre>\n\n\n\n<p>W pi\u0105tki Wielkiego Postu droga krzy\u017cowa o g. 9. 00 i 17.30, a w niedziele o g. 17.30 (przed msz\u0105 \u015bw. wieczorn\u0105) \u2013 gorzkie \u017cale.<\/p>\n\n\n\n<p><strong>Rozpoczynamy dzisiaj, w trzeci\u0105 niedziel\u0119 Wielkiego Postu rekolekcje wielkopostne. Nauki wyg\u0142osi Ksi\u0105dz Kapelan Krzysztof Janiak.                                 Msze \u015bwi\u0119te rano w poniedzia\u0142ek i wtorek o g. 9.00 (nie ma mszy \u015bw. o 7-mej). Msze \u015bwi\u0119te wieczorne o 18.00. Spowied\u017a od 8.30 i od 17.30.<\/strong>                                             Od \u015brody msza \u015bwi\u0119ta poranna o g. 7.00.<br><\/p>\n\n\n\n<p>S\u0105 do nabycia <strong>paschaliki po 20 PLN<\/strong>, <strong>baranki<\/strong> z bia\u0142ej czekolady <strong>po 10 PLN<\/strong>, skarbonki na ja\u0142mu\u017cn\u0119 wielkopostn\u0105 i torby mi\u0142osierdzia. Doch\u00f3d w ca\u0142o\u015bci przeznaczony jest na cele dobroczynne.<br><\/p>\n\n\n\n<p>Spotkanie dla ministrant\u00f3w i lektor\u00f3w w sobot\u0119, 14.3, o g. 10.00.<br>Trwa gruntowny <strong>remont salki katechetycznej.<\/strong>                                           Przewidywany <strong>koszt oko\u0142o 20.000 PLN<\/strong>.<br>Biuro parafialne czynne w godzinach 16.00 \u2013 17.30 w \u015brody i pi\u0105tki.<\/p>\n\n\n\n<p>Do nabycia s\u0105 gazety: Niedziela, Nowe \u017cycie.<\/p>\n","protected":false},"excerpt":{"rendered":"<p>W pi\u0105tki Wielkiego Postu droga krzy\u017cowa o g. 9. 00 i 17.30, a w niedziele o g. 17.30 (przed msz\u0105 \u015bw. wieczorn\u0105) \u2013 gorzkie \u017cale. Rozpoczynamy dzisiaj, w trzeci\u0105 niedziel\u0119 Wielkiego Postu rekolekcje wielkopostne. Nauki wyg\u0142osi Ksi\u0105dz Kapelan Krzysztof Janiak. Msze \u015bwi\u0119te rano w poniedzia\u0142ek i wtorek o g. 9.00 (nie ma mszy \u015bw. o &hellip; <a href=\"http:\/\/zalesie.archidiecezja.wroc.pl\/?p=1820\" class=\"more-link\">Continue reading <span class=\"screen-reader-text\">3. niedziela Wielkiego Postu, 8.3.2026 r.<\/span><\/a><\/p>\n","protected":false},"author":1,"featured_media":0,"comment_status":"closed","ping_status":"open","sticky":false,"template":"","format":"standard","meta":[],"categories":[1],"tags":[],"_links":{"self":[{"href":"http:\/\/zalesie.archidiecezja.wroc.pl\/index.php?rest_route=\/wp\/v2\/posts\/1820"}],"collection":[{"href":"http:\/\/zalesie.archidiecezja.wroc.pl\/index.php?rest_route=\/wp\/v2\/posts"}],"about":[{"href":"http:\/\/zalesie.archidiecezja.wroc.pl\/index.php?rest_route=\/wp\/v2\/types\/post"}],"author":[{"embeddable":true,"href":"http:\/\/zalesie.archidiecezja.wroc.pl\/index.php?rest_route=\/wp\/v2\/users\/1"}],"replies":[{"embeddable":true,"href":"http:\/\/zalesie.archidiecezja.wroc.pl\/index.php?rest_route=%2Fwp%2Fv2%2Fcomments&post=1820"}],"version-history":[{"count":1,"href":"http:\/\/zalesie.archidiecezja.wroc.pl\/index.php?rest_route=\/wp\/v2\/posts\/1820\/revisions"}],"predecessor-version":[{"id":1821,"href":"http:\/\/zalesie.archidiecezja.wroc.pl\/index.php?rest_route=\/wp\/v2\/posts\/1820\/revisions\/1821"}],"wp:attachment":[{"href":"http:\/\/zalesie.archidiecezja.wroc.pl\/index.php?rest_route=%2Fwp%2Fv2%2Fmedia&parent=1820"}],"wp:term":[{"taxonomy":"category","embeddable":true,"href":"http:\/\/zalesie.archidiecezja.wroc.pl\/index.php?rest_route=%2Fwp%2Fv2%2Fcategories&post=1820"},{"taxonomy":"post_tag","embeddable":true,"href":"http:\/\/zalesie.archidiecezja.wroc.pl\/index.php?rest_route=%2Fwp%2Fv2%2Ftags&post=1820"}],"curies":[{"name":"wp","href":"https:\/\/api.w.org\/{rel}","templated":true}]}}