{"id":1817,"date":"2026-02-28T17:48:05","date_gmt":"2026-02-28T16:48:05","guid":{"rendered":"http:\/\/zalesie.archidiecezja.wroc.pl\/?p=1817"},"modified":"2026-02-28T17:48:05","modified_gmt":"2026-02-28T16:48:05","slug":"2-niedziela-wielkiego-postu-1-3-2026-r","status":"publish","type":"post","link":"http:\/\/zalesie.archidiecezja.wroc.pl\/?p=1817","title":{"rendered":"2. niedziela Wielkiego Postu, 1.3.2026 R."},"content":{"rendered":"\n<pre class=\"wp-block-code\"><code>             <\/code><\/pre>\n\n\n\n<p>W pi\u0105tki Wielkiego Postu <strong>droga krzy\u017cowa o g. 9. 00 i 17.30<\/strong>,                                                  a <strong>w niedziele o g. 17.30<\/strong> (przed msz\u0105 \u015bw. wieczorn\u0105) \u2013 <strong>gorzkie \u017cale<\/strong>.<br><\/p>\n\n\n\n<p>Dzi\u015b pierwsza niedziela miesi\u0105ca. Po mszy \u015bw. po\u0142udniowej adoracja Naj\u015bw. Sakramentu. Ko\u0144czymy j\u0105 o g. 15 koronk\u0105 do Mi\u0142osierdzia Bo\u017cego.<br>Rekolekcje wielkopostne rozpoczniemy 8.3, w trzeci\u0105 niedziel\u0119 Wielkiego Postu. Nauki rekolekcyjne wyg\u0142osi Ksi\u0105dz Kapelan Krzysztof Janiak.<\/p>\n\n\n\n<p>We wtorek, 3.3, zapraszamy m\u0142odzie\u017c klas \u00f3smych do salki katechetycznej na godzin\u0119 19 na przygotowanie do przyj\u0119cia sakramentu bierzmowania.<br>W pierwszy czwartek miesi\u0105ca, 5.3, modlimy si\u0119 o liczne i dobre powo\u0142ania kap\u0142a\u0144skie i zakonne;<br>4.3 przypada \u015bwi\u0119to \u015bw. Kazimierza, kr\u00f3lewicza.<br>W pierwszy pi\u0105tek miesi\u0105ca, 6.3 &#8211; spowied\u017a od g. 17.30, a po mszy \u015bw. wieczornej &#8211; litania do Naj\u015bw. Serca Pana Jezusa.<br>W pierwsz\u0105 sobot\u0119 miesi\u0105ca, 7.3, odwiedzamy od g. 9-tej z Naj\u015bw. Sakramentem osoby starsze i chore; a po mszy \u015bw. wieczornej &#8211; zmiana tajemnic \u017cywego r\u00f3\u017ca\u0144ca.<\/p>\n\n\n\n<p>Biuro parafialne czynne w godzinach 16.00 \u2013 17.30 w \u015brody i pi\u0105tki.<\/p>\n","protected":false},"excerpt":{"rendered":"<p>W pi\u0105tki Wielkiego Postu droga krzy\u017cowa o g. 9. 00 i 17.30, a w niedziele o g. 17.30 (przed msz\u0105 \u015bw. wieczorn\u0105) \u2013 gorzkie \u017cale. Dzi\u015b pierwsza niedziela miesi\u0105ca. Po mszy \u015bw. po\u0142udniowej adoracja Naj\u015bw. Sakramentu. Ko\u0144czymy j\u0105 o g. 15 koronk\u0105 do Mi\u0142osierdzia Bo\u017cego.Rekolekcje wielkopostne rozpoczniemy 8.3, w trzeci\u0105 niedziel\u0119 Wielkiego Postu. Nauki rekolekcyjne &hellip; <a href=\"http:\/\/zalesie.archidiecezja.wroc.pl\/?p=1817\" class=\"more-link\">Continue reading <span class=\"screen-reader-text\">2. niedziela Wielkiego Postu, 1.3.2026 R.<\/span><\/a><\/p>\n","protected":false},"author":1,"featured_media":0,"comment_status":"closed","ping_status":"open","sticky":false,"template":"","format":"standard","meta":[],"categories":[1],"tags":[],"_links":{"self":[{"href":"http:\/\/zalesie.archidiecezja.wroc.pl\/index.php?rest_route=\/wp\/v2\/posts\/1817"}],"collection":[{"href":"http:\/\/zalesie.archidiecezja.wroc.pl\/index.php?rest_route=\/wp\/v2\/posts"}],"about":[{"href":"http:\/\/zalesie.archidiecezja.wroc.pl\/index.php?rest_route=\/wp\/v2\/types\/post"}],"author":[{"embeddable":true,"href":"http:\/\/zalesie.archidiecezja.wroc.pl\/index.php?rest_route=\/wp\/v2\/users\/1"}],"replies":[{"embeddable":true,"href":"http:\/\/zalesie.archidiecezja.wroc.pl\/index.php?rest_route=%2Fwp%2Fv2%2Fcomments&post=1817"}],"version-history":[{"count":1,"href":"http:\/\/zalesie.archidiecezja.wroc.pl\/index.php?rest_route=\/wp\/v2\/posts\/1817\/revisions"}],"predecessor-version":[{"id":1818,"href":"http:\/\/zalesie.archidiecezja.wroc.pl\/index.php?rest_route=\/wp\/v2\/posts\/1817\/revisions\/1818"}],"wp:attachment":[{"href":"http:\/\/zalesie.archidiecezja.wroc.pl\/index.php?rest_route=%2Fwp%2Fv2%2Fmedia&parent=1817"}],"wp:term":[{"taxonomy":"category","embeddable":true,"href":"http:\/\/zalesie.archidiecezja.wroc.pl\/index.php?rest_route=%2Fwp%2Fv2%2Fcategories&post=1817"},{"taxonomy":"post_tag","embeddable":true,"href":"http:\/\/zalesie.archidiecezja.wroc.pl\/index.php?rest_route=%2Fwp%2Fv2%2Ftags&post=1817"}],"curies":[{"name":"wp","href":"https:\/\/api.w.org\/{rel}","templated":true}]}}