{"id":1815,"date":"2026-02-21T23:34:26","date_gmt":"2026-02-21T22:34:26","guid":{"rendered":"http:\/\/zalesie.archidiecezja.wroc.pl\/?p=1815"},"modified":"2026-02-21T23:34:26","modified_gmt":"2026-02-21T22:34:26","slug":"1-niedziela-wielkiego-postu-22-2-2026-r","status":"publish","type":"post","link":"http:\/\/zalesie.archidiecezja.wroc.pl\/?p=1815","title":{"rendered":"1. niedziela Wielkiego Postu, 22.2.2026 r."},"content":{"rendered":"\n<pre class=\"wp-block-code\"><code>          <\/code><\/pre>\n\n\n\n<p>W \u015brod\u0119 rozpocz\u0119li\u015bmy okres Wielkiego Postu, kt\u00f3ry w szczeg\u00f3lny spos\u00f3b ma nas przygotowa\u0107 do g\u0142\u0119bokiego prze\u017cycia M\u0119ki, \u015amierci i Zmartwychwstania                      Pana Jezusa.<\/p>\n\n\n\n<p><strong>W pi\u0105tki Wielkiego Postu droga krzy\u017cowa o g. 9. 00 i 17.30<\/strong>,                                                    a <strong>w niedziele o g. 17.30 <\/strong>(przed msz\u0105 \u015bw. wieczorn\u0105) \u2013 <strong>gorzkie \u017cale<\/strong>.<\/p>\n\n\n\n<p>Rekolekcje wielkopostne rozpoczniemy 8.3, w trzeci\u0105 niedziel\u0119 Wielkiego Postu.<\/p>\n\n\n\n<p>We wtorek, 24.2, zapraszamy m\u0142odzie\u017c klas \u00f3smych do salki katechetycznej                            na godzin\u0119 19 na przygotowanie do przyj\u0119cia sakramentu bierzmowania.<\/p>\n\n\n\n<p>Biuro parafialne czynne w godzinach 16.00 \u2013 17.30 w \u015brody i pi\u0105tki.<\/p>\n\n\n\n<p>Do nabycia s\u0105 gazety: Niedziela, Nowe \u017cycie.<\/p>\n","protected":false},"excerpt":{"rendered":"<p>W \u015brod\u0119 rozpocz\u0119li\u015bmy okres Wielkiego Postu, kt\u00f3ry w szczeg\u00f3lny spos\u00f3b ma nas przygotowa\u0107 do g\u0142\u0119bokiego prze\u017cycia M\u0119ki, \u015amierci i Zmartwychwstania Pana Jezusa. W pi\u0105tki Wielkiego Postu droga krzy\u017cowa o g. 9. 00 i 17.30, a w niedziele o g. 17.30 (przed msz\u0105 \u015bw. wieczorn\u0105) \u2013 gorzkie \u017cale. Rekolekcje wielkopostne rozpoczniemy 8.3, w trzeci\u0105 niedziel\u0119 Wielkiego &hellip; <a href=\"http:\/\/zalesie.archidiecezja.wroc.pl\/?p=1815\" class=\"more-link\">Continue reading <span class=\"screen-reader-text\">1. niedziela Wielkiego Postu, 22.2.2026 r.<\/span><\/a><\/p>\n","protected":false},"author":1,"featured_media":0,"comment_status":"closed","ping_status":"open","sticky":false,"template":"","format":"standard","meta":[],"categories":[1],"tags":[],"_links":{"self":[{"href":"http:\/\/zalesie.archidiecezja.wroc.pl\/index.php?rest_route=\/wp\/v2\/posts\/1815"}],"collection":[{"href":"http:\/\/zalesie.archidiecezja.wroc.pl\/index.php?rest_route=\/wp\/v2\/posts"}],"about":[{"href":"http:\/\/zalesie.archidiecezja.wroc.pl\/index.php?rest_route=\/wp\/v2\/types\/post"}],"author":[{"embeddable":true,"href":"http:\/\/zalesie.archidiecezja.wroc.pl\/index.php?rest_route=\/wp\/v2\/users\/1"}],"replies":[{"embeddable":true,"href":"http:\/\/zalesie.archidiecezja.wroc.pl\/index.php?rest_route=%2Fwp%2Fv2%2Fcomments&post=1815"}],"version-history":[{"count":1,"href":"http:\/\/zalesie.archidiecezja.wroc.pl\/index.php?rest_route=\/wp\/v2\/posts\/1815\/revisions"}],"predecessor-version":[{"id":1816,"href":"http:\/\/zalesie.archidiecezja.wroc.pl\/index.php?rest_route=\/wp\/v2\/posts\/1815\/revisions\/1816"}],"wp:attachment":[{"href":"http:\/\/zalesie.archidiecezja.wroc.pl\/index.php?rest_route=%2Fwp%2Fv2%2Fmedia&parent=1815"}],"wp:term":[{"taxonomy":"category","embeddable":true,"href":"http:\/\/zalesie.archidiecezja.wroc.pl\/index.php?rest_route=%2Fwp%2Fv2%2Fcategories&post=1815"},{"taxonomy":"post_tag","embeddable":true,"href":"http:\/\/zalesie.archidiecezja.wroc.pl\/index.php?rest_route=%2Fwp%2Fv2%2Ftags&post=1815"}],"curies":[{"name":"wp","href":"https:\/\/api.w.org\/{rel}","templated":true}]}}