{"id":1811,"date":"2026-01-24T11:28:07","date_gmt":"2026-01-24T10:28:07","guid":{"rendered":"http:\/\/zalesie.archidiecezja.wroc.pl\/?p=1811"},"modified":"2026-01-26T13:19:18","modified_gmt":"2026-01-26T12:19:18","slug":"3-niedziela-zwykla-25-1-2026-r","status":"publish","type":"post","link":"http:\/\/zalesie.archidiecezja.wroc.pl\/?p=1811","title":{"rendered":"3. niedziela zwyk\u0142a, 25.1.2026 r."},"content":{"rendered":"\n<pre class=\"wp-block-code\"><code>                                                                           <\/code><\/pre>\n\n\n\n<p>Spotkania kol\u0119dowe w ko\u015bciele. Zapraszamy na msz\u0119 \u015bw. o g. 18-tej mieszka\u0144c\u00f3w:<br>26.1, poniedzia\u0142ek, ul. Chopina;<br>27.1, wtorek, ul. Szymanowskiego<br>28.1, \u015broda, ul. Lipi\u0144skiego;<br>29.1, czwartek, ul. \u015awi\u0119tochowskiego, Beaudouina, Pilata;<br>30.1, pi\u0105tek, ul. Kolberga, Smole\u0144skiego, Szramka, Na Ko\u0144cu;<br>31.1, sobota, ul. Mickiewicza, Dicksteina.<br>Mo\u017cna te\u017c um\u00f3wi\u0107 si\u0119 na indywidualne spotkanie z duszpasterzami. Zapisy w zakrystii.<br>                          <\/p>\n\n\n\n<p>                                            Kalendarz liturgiczny:<br>26.1, poniedzia\u0142ek, \u015bw. biskup\u00f3w Tymoteusza i Tytusa;<br>28.1, \u015broda, wsp. ob. \u015bw. Tomasza z Akwinu, kap\u0142ana i doktora Ko\u015bcio\u0142a;<br>31.1, sobota, wsp. obow. \u015bw. Jana Bosko, kap\u0142ana.<br><\/p>\n\n\n\n<p>M\u0142odzie\u017c z klas \u00f3smych zapraszamy na spotkanie we wtorek, 27.1, w salce katechetycznej na przygotowanie do przyj\u0119cia sakramentu bierzmowania.<br>Dzisiaj, w niedziel\u0119 po mszy \u015bw. wieczornej za\u015bpiewaj\u0105 dla nas kol\u0119dy i inne pie\u015bni religijne pani Maria Kr\u00f3lak i pan Janusz Lubomi\u0144ski.<br>W przysz\u0142a niedziel\u0119, 1.2, zapraszamy na godzin\u0119 16 do naszej kawiarenki na koncert &#8220;Po\u017cegnanie z kol\u0119d\u0105&#8221; w wykonaniu zespo\u0142u &#8220;Tacy sami&#8221;.<br>Do nabycia s\u0105 gazety &#8220;Niedziela&#8221;, &#8220;Nowe \u017bycie&#8221;, &#8220;Trwajcie w mi\u0142o\u015bci&#8221; i &#8220;Misyjne drogi&#8221;.<\/p>\n","protected":false},"excerpt":{"rendered":"<p>Spotkania kol\u0119dowe w ko\u015bciele. Zapraszamy na msz\u0119 \u015bw. o g. 18-tej mieszka\u0144c\u00f3w:26.1, poniedzia\u0142ek, ul. Chopina;27.1, wtorek, ul. Szymanowskiego28.1, \u015broda, ul. Lipi\u0144skiego;29.1, czwartek, ul. \u015awi\u0119tochowskiego, Beaudouina, Pilata;30.1, pi\u0105tek, ul. Kolberga, Smole\u0144skiego, Szramka, Na Ko\u0144cu;31.1, sobota, ul. Mickiewicza, Dicksteina.Mo\u017cna te\u017c um\u00f3wi\u0107 si\u0119 na indywidualne spotkanie z duszpasterzami. Zapisy w zakrystii. Kalendarz liturgiczny:26.1, poniedzia\u0142ek, \u015bw. biskup\u00f3w Tymoteusza i &hellip; <a href=\"http:\/\/zalesie.archidiecezja.wroc.pl\/?p=1811\" class=\"more-link\">Continue reading <span class=\"screen-reader-text\">3. niedziela zwyk\u0142a, 25.1.2026 r.<\/span><\/a><\/p>\n","protected":false},"author":1,"featured_media":0,"comment_status":"closed","ping_status":"open","sticky":false,"template":"","format":"standard","meta":[],"categories":[1],"tags":[],"_links":{"self":[{"href":"http:\/\/zalesie.archidiecezja.wroc.pl\/index.php?rest_route=\/wp\/v2\/posts\/1811"}],"collection":[{"href":"http:\/\/zalesie.archidiecezja.wroc.pl\/index.php?rest_route=\/wp\/v2\/posts"}],"about":[{"href":"http:\/\/zalesie.archidiecezja.wroc.pl\/index.php?rest_route=\/wp\/v2\/types\/post"}],"author":[{"embeddable":true,"href":"http:\/\/zalesie.archidiecezja.wroc.pl\/index.php?rest_route=\/wp\/v2\/users\/1"}],"replies":[{"embeddable":true,"href":"http:\/\/zalesie.archidiecezja.wroc.pl\/index.php?rest_route=%2Fwp%2Fv2%2Fcomments&post=1811"}],"version-history":[{"count":2,"href":"http:\/\/zalesie.archidiecezja.wroc.pl\/index.php?rest_route=\/wp\/v2\/posts\/1811\/revisions"}],"predecessor-version":[{"id":1813,"href":"http:\/\/zalesie.archidiecezja.wroc.pl\/index.php?rest_route=\/wp\/v2\/posts\/1811\/revisions\/1813"}],"wp:attachment":[{"href":"http:\/\/zalesie.archidiecezja.wroc.pl\/index.php?rest_route=%2Fwp%2Fv2%2Fmedia&parent=1811"}],"wp:term":[{"taxonomy":"category","embeddable":true,"href":"http:\/\/zalesie.archidiecezja.wroc.pl\/index.php?rest_route=%2Fwp%2Fv2%2Fcategories&post=1811"},{"taxonomy":"post_tag","embeddable":true,"href":"http:\/\/zalesie.archidiecezja.wroc.pl\/index.php?rest_route=%2Fwp%2Fv2%2Ftags&post=1811"}],"curies":[{"name":"wp","href":"https:\/\/api.w.org\/{rel}","templated":true}]}}