{"id":1807,"date":"2026-01-17T12:51:22","date_gmt":"2026-01-17T11:51:22","guid":{"rendered":"http:\/\/zalesie.archidiecezja.wroc.pl\/?p=1807"},"modified":"2026-01-17T15:27:11","modified_gmt":"2026-01-17T14:27:11","slug":"2-niedziela-zwykla-17-1-2026-r","status":"publish","type":"post","link":"http:\/\/zalesie.archidiecezja.wroc.pl\/?p=1807","title":{"rendered":"2. niedziela zwyk\u0142a, 17.1.2026 r."},"content":{"rendered":"\n<pre class=\"wp-block-code\"><code>                                                                     <\/code><\/pre>\n\n\n\n<p>Spotkania kol\u0119dowe w ko\u015bciele. Zapraszamy na msz\u0119 \u015bw. o g. 18-tej mieszka\u0144c\u00f3w:<br><strong>19.1, poniedzia\u0142ek &#8211; Paderewskiego, Elsnera;<br>20.1, wtorek &#8211; Wieniawskiego;<br>21.1, \u015broda &#8211; ul. Kar\u0142owicza;<br>22.1, czwartek &#8211; ul. Noskowskiego;<br>23.1, pi\u0105tek &#8211; ul. R\u00f3\u017cyckiego;<br>24.1, sobota &#8211; ul. Moniuszki.<\/strong><br>Mo\u017cna te\u017c um\u00f3wi\u0107 si\u0119 na indywidualne spotkanie z duszpasterzami. Zapisy w zakrystii.<br>                                                           Kalendarz liturgiczny:<br>19.1, poniedzia\u0142ek, wsp. obow. \u015bw. J\u00f3zefa Sebastiana Pelczara, biskupa;<br>21.1, \u015broda, wsp. obow. \u015bw. Agnieszki, dziewicy i m\u0119czennicy;<br>24.1, sobota, wsp. obow. \u015bw. Franciszka Salezego, biskupa i doktora Ko\u015bcio\u0142a.<br><\/p>\n\n\n\n<p>M\u0142odzie\u017c z klas \u00f3smych zapraszamy na spotkanie we wtorek, 20.1 w salce katechetycznej na przygotowanie do przyj\u0119cia sakramentu bierzmowania.<br>25.1, w niedziel\u0119 po mszy \u015bw. wieczornej za\u015bpiewaj\u0105 dla nas kol\u0119dy i inne pie\u015bni religijne pani Maria Kr\u00f3lak i pan Janusz Lubomi\u0144ski.<br>1.2, (niedziela) zapraszamy na godzin\u0119 16 do naszej kawiarenki na koncert &#8220;Po\u017cegnanie z kol\u0119d\u0105&#8221; w wykonaniu zespo\u0142u &#8220;Tacy sami&#8221;.<br>Do nabycia s\u0105 gazety &#8220;Niedziela&#8221;, &#8220;Nowe \u017bycie&#8221;, &#8220;Trwajcie w mi\u0142o\u015bci&#8221;, &#8220;Misyjne drogi&#8221;.<\/p>\n","protected":false},"excerpt":{"rendered":"<p>Spotkania kol\u0119dowe w ko\u015bciele. Zapraszamy na msz\u0119 \u015bw. o g. 18-tej mieszka\u0144c\u00f3w:19.1, poniedzia\u0142ek &#8211; Paderewskiego, Elsnera;20.1, wtorek &#8211; Wieniawskiego;21.1, \u015broda &#8211; ul. Kar\u0142owicza;22.1, czwartek &#8211; ul. Noskowskiego;23.1, pi\u0105tek &#8211; ul. R\u00f3\u017cyckiego;24.1, sobota &#8211; ul. Moniuszki.Mo\u017cna te\u017c um\u00f3wi\u0107 si\u0119 na indywidualne spotkanie z duszpasterzami. Zapisy w zakrystii. Kalendarz liturgiczny:19.1, poniedzia\u0142ek, wsp. obow. \u015bw. J\u00f3zefa Sebastiana Pelczara, &hellip; <a href=\"http:\/\/zalesie.archidiecezja.wroc.pl\/?p=1807\" class=\"more-link\">Continue reading <span class=\"screen-reader-text\">2. niedziela zwyk\u0142a, 17.1.2026 r.<\/span><\/a><\/p>\n","protected":false},"author":1,"featured_media":0,"comment_status":"closed","ping_status":"open","sticky":false,"template":"","format":"standard","meta":[],"categories":[1],"tags":[],"_links":{"self":[{"href":"http:\/\/zalesie.archidiecezja.wroc.pl\/index.php?rest_route=\/wp\/v2\/posts\/1807"}],"collection":[{"href":"http:\/\/zalesie.archidiecezja.wroc.pl\/index.php?rest_route=\/wp\/v2\/posts"}],"about":[{"href":"http:\/\/zalesie.archidiecezja.wroc.pl\/index.php?rest_route=\/wp\/v2\/types\/post"}],"author":[{"embeddable":true,"href":"http:\/\/zalesie.archidiecezja.wroc.pl\/index.php?rest_route=\/wp\/v2\/users\/1"}],"replies":[{"embeddable":true,"href":"http:\/\/zalesie.archidiecezja.wroc.pl\/index.php?rest_route=%2Fwp%2Fv2%2Fcomments&post=1807"}],"version-history":[{"count":2,"href":"http:\/\/zalesie.archidiecezja.wroc.pl\/index.php?rest_route=\/wp\/v2\/posts\/1807\/revisions"}],"predecessor-version":[{"id":1809,"href":"http:\/\/zalesie.archidiecezja.wroc.pl\/index.php?rest_route=\/wp\/v2\/posts\/1807\/revisions\/1809"}],"wp:attachment":[{"href":"http:\/\/zalesie.archidiecezja.wroc.pl\/index.php?rest_route=%2Fwp%2Fv2%2Fmedia&parent=1807"}],"wp:term":[{"taxonomy":"category","embeddable":true,"href":"http:\/\/zalesie.archidiecezja.wroc.pl\/index.php?rest_route=%2Fwp%2Fv2%2Fcategories&post=1807"},{"taxonomy":"post_tag","embeddable":true,"href":"http:\/\/zalesie.archidiecezja.wroc.pl\/index.php?rest_route=%2Fwp%2Fv2%2Ftags&post=1807"}],"curies":[{"name":"wp","href":"https:\/\/api.w.org\/{rel}","templated":true}]}}