{"id":1802,"date":"2026-01-10T22:53:14","date_gmt":"2026-01-10T21:53:14","guid":{"rendered":"http:\/\/zalesie.archidiecezja.wroc.pl\/?p=1802"},"modified":"2026-01-10T23:01:27","modified_gmt":"2026-01-10T22:01:27","slug":"niedziela-chrztu-panskiego-11-1-2026-r","status":"publish","type":"post","link":"http:\/\/zalesie.archidiecezja.wroc.pl\/?p=1802","title":{"rendered":"Niedziela Chrztu Pa\u0144skiego, 11.1.2026 r."},"content":{"rendered":"\n<pre class=\"wp-block-code\"><code>                                                                                                                     <\/code><\/pre>\n\n\n\n<pre class=\"wp-block-code\"><code>                                                                                                                                         <\/code><\/pre>\n\n\n\n<p>Dzisiaj ko\u0144czy si\u0119 okres Narodzenia Pa\u0144skiego.<\/p>\n\n\n\n<p>Spotkania kol\u0119dowe w ko\u015bciele. Zapraszamy na msz\u0119 \u015bw. o g. 18-tej mieszka\u0144c\u00f3w:<br><strong>12.1, poniedzia\u0142ek, ul. Cieszkowskiego;<br>13.1, wtorek, ul. Czackiego;<br>14.1, \u015broda, ul. Kochanowskiego, Bandtkiego, &#8220;Dolina S\u0142o\u0144ca&#8221;;<br>15.1, czwartek, ul. Parkowa;<br>16.1, pi\u0105tek, ul. Witelona, Banacha, Bartla i Kopernika;<br>17.1, sobota, ul. \u015aniadeckich.<\/strong><br>Mo\u017cna te\u017c um\u00f3wi\u0107 si\u0119 na indywidualne spotkanie z duszpasterzami.                                Zapisy w zakrystii.<\/p>\n\n\n\n<p>M\u0142odzie\u017c z klas \u00f3smych zapraszamy na spotkanie we wtorek, 13.1, w salce katechetycznej, g. 19. Przygotowujemy si\u0119 do przyj\u0119cia sakramentu bierzmowania.<\/p>\n\n\n\n<p>Do nabycia s\u0105 gazety &#8220;Niedziela&#8221;, &#8220;Nowe \u017bycie&#8221;, &#8220;Trwajcie w mi\u0142o\u015bci&#8221;, &#8220;Misyjne drogi&#8221;.<\/p>\n","protected":false},"excerpt":{"rendered":"<p>Dzisiaj ko\u0144czy si\u0119 okres Narodzenia Pa\u0144skiego. Spotkania kol\u0119dowe w ko\u015bciele. Zapraszamy na msz\u0119 \u015bw. o g. 18-tej mieszka\u0144c\u00f3w:12.1, poniedzia\u0142ek, ul. Cieszkowskiego;13.1, wtorek, ul. Czackiego;14.1, \u015broda, ul. Kochanowskiego, Bandtkiego, &#8220;Dolina S\u0142o\u0144ca&#8221;;15.1, czwartek, ul. Parkowa;16.1, pi\u0105tek, ul. Witelona, Banacha, Bartla i Kopernika;17.1, sobota, ul. \u015aniadeckich.Mo\u017cna te\u017c um\u00f3wi\u0107 si\u0119 na indywidualne spotkanie z duszpasterzami. Zapisy w zakrystii. M\u0142odzie\u017c &hellip; <a href=\"http:\/\/zalesie.archidiecezja.wroc.pl\/?p=1802\" class=\"more-link\">Continue reading <span class=\"screen-reader-text\">Niedziela Chrztu Pa\u0144skiego, 11.1.2026 r.<\/span><\/a><\/p>\n","protected":false},"author":1,"featured_media":0,"comment_status":"closed","ping_status":"open","sticky":false,"template":"","format":"standard","meta":[],"categories":[1],"tags":[],"_links":{"self":[{"href":"http:\/\/zalesie.archidiecezja.wroc.pl\/index.php?rest_route=\/wp\/v2\/posts\/1802"}],"collection":[{"href":"http:\/\/zalesie.archidiecezja.wroc.pl\/index.php?rest_route=\/wp\/v2\/posts"}],"about":[{"href":"http:\/\/zalesie.archidiecezja.wroc.pl\/index.php?rest_route=\/wp\/v2\/types\/post"}],"author":[{"embeddable":true,"href":"http:\/\/zalesie.archidiecezja.wroc.pl\/index.php?rest_route=\/wp\/v2\/users\/1"}],"replies":[{"embeddable":true,"href":"http:\/\/zalesie.archidiecezja.wroc.pl\/index.php?rest_route=%2Fwp%2Fv2%2Fcomments&post=1802"}],"version-history":[{"count":2,"href":"http:\/\/zalesie.archidiecezja.wroc.pl\/index.php?rest_route=\/wp\/v2\/posts\/1802\/revisions"}],"predecessor-version":[{"id":1805,"href":"http:\/\/zalesie.archidiecezja.wroc.pl\/index.php?rest_route=\/wp\/v2\/posts\/1802\/revisions\/1805"}],"wp:attachment":[{"href":"http:\/\/zalesie.archidiecezja.wroc.pl\/index.php?rest_route=%2Fwp%2Fv2%2Fmedia&parent=1802"}],"wp:term":[{"taxonomy":"category","embeddable":true,"href":"http:\/\/zalesie.archidiecezja.wroc.pl\/index.php?rest_route=%2Fwp%2Fv2%2Fcategories&post=1802"},{"taxonomy":"post_tag","embeddable":true,"href":"http:\/\/zalesie.archidiecezja.wroc.pl\/index.php?rest_route=%2Fwp%2Fv2%2Ftags&post=1802"}],"curies":[{"name":"wp","href":"https:\/\/api.w.org\/{rel}","templated":true}]}}