{"id":1796,"date":"2026-01-03T22:59:17","date_gmt":"2026-01-03T21:59:17","guid":{"rendered":"http:\/\/zalesie.archidiecezja.wroc.pl\/?p=1796"},"modified":"2026-01-03T23:01:22","modified_gmt":"2026-01-03T22:01:22","slug":"2-niedziela-po-narodzeniu-panskim-4-1-2026-r","status":"publish","type":"post","link":"http:\/\/zalesie.archidiecezja.wroc.pl\/?p=1796","title":{"rendered":"2. niedziela po Narodzeniu Pa\u0144skim                 4.1.2026 r."},"content":{"rendered":"\n<pre class=\"wp-block-code\"><code>                                                                                   <\/code><\/pre>\n\n\n\n<p>Dzi\u015b, po po\u0142udniowej mszy \u015bwi\u0119tej                                                                                   <strong>rozpoczynamy adoracje wieczyst\u0105 Naj\u015bw. Sakramentu<\/strong>.                                                            O 15-tej koronka do Mi\u0142osierdzia Bo\u017cego.                                                                           Adoracj\u0119 ko\u0144czymy przed msz\u0105 \u015bw. wieczorn\u0105 o g. 18.00.<br><\/p>\n\n\n\n<p><strong>6.1 <\/strong>we wtorek przypada <strong>uroczysto\u015b\u0107 Objawienia Pa\u0144skiego<\/strong> (\u015bwi\u0119to Trzech Kr\u00f3li). <strong>Msze \u015bwi\u0119te o g. 7, 9, 10.30, 12 i 18.<\/strong><br><br>Do nabycia s\u0105 gazety &#8220;Niedziela&#8221;, &#8220;Nowe \u017bycie&#8221;, &#8220;Trwajcie w mi\u0142o\u015bci&#8221;, &#8220;Misyjne drogi&#8221;.<br><strong>Spotkania kol\u0119dowe w ko\u015bciele<\/strong> rozpoczniemy po \u015bwi\u0119cie Trzech Kr\u00f3li, czyli w \u015brod\u0119. Mo\u017cna te\u017c um\u00f3wi\u0107 si\u0119 na indywidualne spotkanie z duszpasterzami. Zapisy w zakrystii.<br>                                 <strong>Zapraszamy na msz\u0119 \u015bw. o g. 18-tej mieszka\u0144c\u00f3w:<br>7.1, \u015broda &#8211; ul. Handelsmana;<br>8.1, czwartek &#8211; ul. Mianowskiego;<br>9.1, pi\u0105tek ul. G\u0142ogowczyka;<br>10.1, sobota &#8211; ul. Krzywickiego;<\/strong><\/p>\n","protected":false},"excerpt":{"rendered":"<p>Dzi\u015b, po po\u0142udniowej mszy \u015bwi\u0119tej rozpoczynamy adoracje wieczyst\u0105 Naj\u015bw. Sakramentu. O 15-tej koronka do Mi\u0142osierdzia Bo\u017cego. Adoracj\u0119 ko\u0144czymy przed msz\u0105 \u015bw. wieczorn\u0105 o g. 18.00. 6.1 we wtorek przypada uroczysto\u015b\u0107 Objawienia Pa\u0144skiego (\u015bwi\u0119to Trzech Kr\u00f3li). Msze \u015bwi\u0119te o g. 7, 9, 10.30, 12 i 18. Do nabycia s\u0105 gazety &#8220;Niedziela&#8221;, &#8220;Nowe \u017bycie&#8221;, &#8220;Trwajcie w mi\u0142o\u015bci&#8221;, &hellip; <a href=\"http:\/\/zalesie.archidiecezja.wroc.pl\/?p=1796\" class=\"more-link\">Continue reading <span class=\"screen-reader-text\">2. niedziela po Narodzeniu Pa\u0144skim                 4.1.2026 r.<\/span><\/a><\/p>\n","protected":false},"author":1,"featured_media":0,"comment_status":"closed","ping_status":"open","sticky":false,"template":"","format":"standard","meta":[],"categories":[1],"tags":[],"_links":{"self":[{"href":"http:\/\/zalesie.archidiecezja.wroc.pl\/index.php?rest_route=\/wp\/v2\/posts\/1796"}],"collection":[{"href":"http:\/\/zalesie.archidiecezja.wroc.pl\/index.php?rest_route=\/wp\/v2\/posts"}],"about":[{"href":"http:\/\/zalesie.archidiecezja.wroc.pl\/index.php?rest_route=\/wp\/v2\/types\/post"}],"author":[{"embeddable":true,"href":"http:\/\/zalesie.archidiecezja.wroc.pl\/index.php?rest_route=\/wp\/v2\/users\/1"}],"replies":[{"embeddable":true,"href":"http:\/\/zalesie.archidiecezja.wroc.pl\/index.php?rest_route=%2Fwp%2Fv2%2Fcomments&post=1796"}],"version-history":[{"count":2,"href":"http:\/\/zalesie.archidiecezja.wroc.pl\/index.php?rest_route=\/wp\/v2\/posts\/1796\/revisions"}],"predecessor-version":[{"id":1799,"href":"http:\/\/zalesie.archidiecezja.wroc.pl\/index.php?rest_route=\/wp\/v2\/posts\/1796\/revisions\/1799"}],"wp:attachment":[{"href":"http:\/\/zalesie.archidiecezja.wroc.pl\/index.php?rest_route=%2Fwp%2Fv2%2Fmedia&parent=1796"}],"wp:term":[{"taxonomy":"category","embeddable":true,"href":"http:\/\/zalesie.archidiecezja.wroc.pl\/index.php?rest_route=%2Fwp%2Fv2%2Fcategories&post=1796"},{"taxonomy":"post_tag","embeddable":true,"href":"http:\/\/zalesie.archidiecezja.wroc.pl\/index.php?rest_route=%2Fwp%2Fv2%2Ftags&post=1796"}],"curies":[{"name":"wp","href":"https:\/\/api.w.org\/{rel}","templated":true}]}}