{"id":1791,"date":"2025-12-31T16:01:43","date_gmt":"2025-12-31T15:01:43","guid":{"rendered":"http:\/\/zalesie.archidiecezja.wroc.pl\/?p=1791"},"modified":"2026-01-02T17:33:13","modified_gmt":"2026-01-02T16:33:13","slug":"krotkie-sprawozdanie-2025-r","status":"publish","type":"post","link":"http:\/\/zalesie.archidiecezja.wroc.pl\/?p=1791","title":{"rendered":"Kr\u00f3tkie sprawozdanie &#8211; 2025 r."},"content":{"rendered":"\n<p><\/p>\n\n\n\n<p><strong>22<\/strong> chrzty<br><strong>5<\/strong> \u015blub\u00f3w<br><strong>22<\/strong> pogrzeby<br>Do I-szej Komunii \u015bwi\u0119tej przyst\u0105pi\u0142o <strong>35<\/strong> dzieci<br>Do bierzmowania <strong>23<\/strong> osoby<\/p>\n\n\n\n<p>Nowy gara\u017c<br>Ostatni du\u017cy witra\u017c (Jezus na krzy\u017cu, Maryja, \u015bw. Jan Aposto\u0142)<br>Wymiana pieca<\/p>\n\n\n\n<p>Stan konta &#8211; <strong>24.118 PLN<\/strong><\/p>\n","protected":false},"excerpt":{"rendered":"<p>22 chrzty5 \u015blub\u00f3w22 pogrzebyDo I-szej Komunii \u015bwi\u0119tej przyst\u0105pi\u0142o 35 dzieciDo bierzmowania 23 osoby Nowy gara\u017cOstatni du\u017cy witra\u017c (Jezus na krzy\u017cu, Maryja, \u015bw. Jan Aposto\u0142)Wymiana pieca Stan konta &#8211; 24.118 PLN<\/p>\n","protected":false},"author":1,"featured_media":0,"comment_status":"closed","ping_status":"open","sticky":false,"template":"","format":"standard","meta":[],"categories":[1],"tags":[],"_links":{"self":[{"href":"http:\/\/zalesie.archidiecezja.wroc.pl\/index.php?rest_route=\/wp\/v2\/posts\/1791"}],"collection":[{"href":"http:\/\/zalesie.archidiecezja.wroc.pl\/index.php?rest_route=\/wp\/v2\/posts"}],"about":[{"href":"http:\/\/zalesie.archidiecezja.wroc.pl\/index.php?rest_route=\/wp\/v2\/types\/post"}],"author":[{"embeddable":true,"href":"http:\/\/zalesie.archidiecezja.wroc.pl\/index.php?rest_route=\/wp\/v2\/users\/1"}],"replies":[{"embeddable":true,"href":"http:\/\/zalesie.archidiecezja.wroc.pl\/index.php?rest_route=%2Fwp%2Fv2%2Fcomments&post=1791"}],"version-history":[{"count":2,"href":"http:\/\/zalesie.archidiecezja.wroc.pl\/index.php?rest_route=\/wp\/v2\/posts\/1791\/revisions"}],"predecessor-version":[{"id":1793,"href":"http:\/\/zalesie.archidiecezja.wroc.pl\/index.php?rest_route=\/wp\/v2\/posts\/1791\/revisions\/1793"}],"wp:attachment":[{"href":"http:\/\/zalesie.archidiecezja.wroc.pl\/index.php?rest_route=%2Fwp%2Fv2%2Fmedia&parent=1791"}],"wp:term":[{"taxonomy":"category","embeddable":true,"href":"http:\/\/zalesie.archidiecezja.wroc.pl\/index.php?rest_route=%2Fwp%2Fv2%2Fcategories&post=1791"},{"taxonomy":"post_tag","embeddable":true,"href":"http:\/\/zalesie.archidiecezja.wroc.pl\/index.php?rest_route=%2Fwp%2Fv2%2Ftags&post=1791"}],"curies":[{"name":"wp","href":"https:\/\/api.w.org\/{rel}","templated":true}]}}