{"id":1787,"date":"2025-12-27T15:29:20","date_gmt":"2025-12-27T14:29:20","guid":{"rendered":"http:\/\/zalesie.archidiecezja.wroc.pl\/?p=1787"},"modified":"2025-12-27T15:29:20","modified_gmt":"2025-12-27T14:29:20","slug":"swieto-swietej-rodziny-28-12-2025-r","status":"publish","type":"post","link":"http:\/\/zalesie.archidiecezja.wroc.pl\/?p=1787","title":{"rendered":"\u015awi\u0119to \u015awi\u0119tej Rodziny,               28.12.2025 r."},"content":{"rendered":"\n<p>31.12.2025, \u015broda &#8211; o 18-tej msza \u015bw. dzi\u0119kczynna i kr\u00f3tkie podsumowanie minionego roku.<br><strong>1.1.2026, czwartek, uroczysto\u015b\u0107 \u015awi\u0119tej Bo\u017cej Rodzicielki Maryi.                               Msze \u015bw. o g. 9, 10.30, 12, 18. <\/strong>Nie ma mszy \u015bw. o g. 7-mej.<br>2.1, pi\u0105tek, \u015bw. Bazylego Wielkiego i Grzegorza z Nazjanzu, biskup\u00f3w i doktor\u00f3w Ko\u015bcio\u0142a. Jest to pierwszy pi\u0105tek miesi\u0105ca; spowied\u017a od 17.30. Po mszy \u015bw. wieczornej nabo\u017ce\u0144stwo do Naj\u015bw. Serca Pana Jezusa;<br>3.1, sobota; jest to pierwsza sobota miesi\u0105ca &#8211; odwiedzamy z Naj\u015bw. Sakramentem osoby starsze i chore. Po wieczornej mszy \u015bw.w sobot\u0119 zmiana tajemnic \u017cywego r\u00f3\u017ca\u0144ca.<br><\/p>\n\n\n\n<p>W nast\u0119pn\u0105 niedziel\u0119, 4.1, po po\u0142udniowej mszy \u015bwi\u0119tej rozpoczynamy adoracje wieczyst\u0105 Naj\u015bw. Sakramentu. W zakrystii mo\u017cna zapisywa\u0107 si\u0119 na dy\u017cury. O g. 15 koronka do Mi\u0142osierdzia Bo\u017cego.                                                                                                Adoracj\u0119 ko\u0144czymy przed msz\u0105 \u015bw. wieczorn\u0105 o g. 18.00.<br>Spotkania kol\u0119dowe w ko\u015bciele rozpoczniemy po przysz\u0142ej niedzieli.<br>Do nabycia s\u0105 gazety &#8220;Niedziela&#8221;, &#8220;Nowe \u017bycie&#8221;, &#8220;Trwajcie w mi\u0142o\u015bci&#8221;,                        &#8220;Misyjne drogi&#8221;.<\/p>\n","protected":false},"excerpt":{"rendered":"<p>31.12.2025, \u015broda &#8211; o 18-tej msza \u015bw. dzi\u0119kczynna i kr\u00f3tkie podsumowanie minionego roku.1.1.2026, czwartek, uroczysto\u015b\u0107 \u015awi\u0119tej Bo\u017cej Rodzicielki Maryi. Msze \u015bw. o g. 9, 10.30, 12, 18. Nie ma mszy \u015bw. o g. 7-mej.2.1, pi\u0105tek, \u015bw. Bazylego Wielkiego i Grzegorza z Nazjanzu, biskup\u00f3w i doktor\u00f3w Ko\u015bcio\u0142a. Jest to pierwszy pi\u0105tek miesi\u0105ca; spowied\u017a od 17.30. Po &hellip; <a href=\"http:\/\/zalesie.archidiecezja.wroc.pl\/?p=1787\" class=\"more-link\">Continue reading <span class=\"screen-reader-text\">\u015awi\u0119to \u015awi\u0119tej Rodziny,               28.12.2025 r.<\/span><\/a><\/p>\n","protected":false},"author":1,"featured_media":0,"comment_status":"closed","ping_status":"open","sticky":false,"template":"","format":"standard","meta":[],"categories":[1],"tags":[],"_links":{"self":[{"href":"http:\/\/zalesie.archidiecezja.wroc.pl\/index.php?rest_route=\/wp\/v2\/posts\/1787"}],"collection":[{"href":"http:\/\/zalesie.archidiecezja.wroc.pl\/index.php?rest_route=\/wp\/v2\/posts"}],"about":[{"href":"http:\/\/zalesie.archidiecezja.wroc.pl\/index.php?rest_route=\/wp\/v2\/types\/post"}],"author":[{"embeddable":true,"href":"http:\/\/zalesie.archidiecezja.wroc.pl\/index.php?rest_route=\/wp\/v2\/users\/1"}],"replies":[{"embeddable":true,"href":"http:\/\/zalesie.archidiecezja.wroc.pl\/index.php?rest_route=%2Fwp%2Fv2%2Fcomments&post=1787"}],"version-history":[{"count":1,"href":"http:\/\/zalesie.archidiecezja.wroc.pl\/index.php?rest_route=\/wp\/v2\/posts\/1787\/revisions"}],"predecessor-version":[{"id":1788,"href":"http:\/\/zalesie.archidiecezja.wroc.pl\/index.php?rest_route=\/wp\/v2\/posts\/1787\/revisions\/1788"}],"wp:attachment":[{"href":"http:\/\/zalesie.archidiecezja.wroc.pl\/index.php?rest_route=%2Fwp%2Fv2%2Fmedia&parent=1787"}],"wp:term":[{"taxonomy":"category","embeddable":true,"href":"http:\/\/zalesie.archidiecezja.wroc.pl\/index.php?rest_route=%2Fwp%2Fv2%2Fcategories&post=1787"},{"taxonomy":"post_tag","embeddable":true,"href":"http:\/\/zalesie.archidiecezja.wroc.pl\/index.php?rest_route=%2Fwp%2Fv2%2Ftags&post=1787"}],"curies":[{"name":"wp","href":"https:\/\/api.w.org\/{rel}","templated":true}]}}