{"id":1784,"date":"2025-12-20T15:29:54","date_gmt":"2025-12-20T14:29:54","guid":{"rendered":"http:\/\/zalesie.archidiecezja.wroc.pl\/?p=1784"},"modified":"2025-12-20T15:29:54","modified_gmt":"2025-12-20T14:29:54","slug":"4-niedziela-adwentu-21-12-2025-r","status":"publish","type":"post","link":"http:\/\/zalesie.archidiecezja.wroc.pl\/?p=1784","title":{"rendered":"4. niedziela adwentu, 21.12.2025 r."},"content":{"rendered":"\n<pre class=\"wp-block-code\"><code>                   <\/code><\/pre>\n\n\n\n<p>Ko\u0144czy si\u0119 Adwent, czas radosnego oczekiwania na przyj\u015bcie Pana Jezusa.<\/p>\n\n\n\n<pre class=\"wp-block-code\"><code>                                                                            Porz\u0105dek mszy \u015bwi\u0119tych:<\/code><\/pre>\n\n\n\n<p>W \u015brod\u0119 (24.12) wigilia; ostatnia msza \u015bwi\u0119ta roratnia o 6:30.<br>Pasterka tradycyjnie o p\u00f3\u0142nocy (nie ma mszy \u015bw. wieczornej o 18).<br>25.12, czwartek, Uroczysto\u015b\u0107 Narodzenia Pa\u0144skiego. Nie ma mszy \u015bw. o g. 7. Msze \u015bwi\u0119te o g. 9.00, 10.30, 12.00 i 18.00;<br>26.12, \u015bw. Szczepana, \u015bwi\u0119to, msze \u015bw.: 7.00, 9.00, 10.30, 12.00, 18.00.<br>27,1, sobota, \u015bwi\u0119to \u015bw. Jana aposto\u0142a i ewangelisty.<\/p>\n\n\n\n<p>Do nabycia s\u0105 gazety &#8220;Niedziela&#8221;, &#8220;Nowe \u017bycie&#8221; i &#8220;Trwajcie w mi\u0142o\u015bci&#8221;. W zakrystii mo\u017cna jeszcze naby\u0107 op\u0142atki.<br>Mamy tak\u017ce, podobnie jak w zesz\u0142ym roku, kalendarze parafialne w cenie 40 z\u0142otych. Mo\u017cna je zakupi\u0107 w zakrystii.<\/p>\n","protected":false},"excerpt":{"rendered":"<p>Ko\u0144czy si\u0119 Adwent, czas radosnego oczekiwania na przyj\u015bcie Pana Jezusa. W \u015brod\u0119 (24.12) wigilia; ostatnia msza \u015bwi\u0119ta roratnia o 6:30.Pasterka tradycyjnie o p\u00f3\u0142nocy (nie ma mszy \u015bw. wieczornej o 18).25.12, czwartek, Uroczysto\u015b\u0107 Narodzenia Pa\u0144skiego. Nie ma mszy \u015bw. o g. 7. Msze \u015bwi\u0119te o g. 9.00, 10.30, 12.00 i 18.00;26.12, \u015bw. Szczepana, \u015bwi\u0119to, msze \u015bw.: &hellip; <a href=\"http:\/\/zalesie.archidiecezja.wroc.pl\/?p=1784\" class=\"more-link\">Continue reading <span class=\"screen-reader-text\">4. niedziela adwentu, 21.12.2025 r.<\/span><\/a><\/p>\n","protected":false},"author":1,"featured_media":0,"comment_status":"closed","ping_status":"open","sticky":false,"template":"","format":"standard","meta":[],"categories":[1],"tags":[],"_links":{"self":[{"href":"http:\/\/zalesie.archidiecezja.wroc.pl\/index.php?rest_route=\/wp\/v2\/posts\/1784"}],"collection":[{"href":"http:\/\/zalesie.archidiecezja.wroc.pl\/index.php?rest_route=\/wp\/v2\/posts"}],"about":[{"href":"http:\/\/zalesie.archidiecezja.wroc.pl\/index.php?rest_route=\/wp\/v2\/types\/post"}],"author":[{"embeddable":true,"href":"http:\/\/zalesie.archidiecezja.wroc.pl\/index.php?rest_route=\/wp\/v2\/users\/1"}],"replies":[{"embeddable":true,"href":"http:\/\/zalesie.archidiecezja.wroc.pl\/index.php?rest_route=%2Fwp%2Fv2%2Fcomments&post=1784"}],"version-history":[{"count":1,"href":"http:\/\/zalesie.archidiecezja.wroc.pl\/index.php?rest_route=\/wp\/v2\/posts\/1784\/revisions"}],"predecessor-version":[{"id":1785,"href":"http:\/\/zalesie.archidiecezja.wroc.pl\/index.php?rest_route=\/wp\/v2\/posts\/1784\/revisions\/1785"}],"wp:attachment":[{"href":"http:\/\/zalesie.archidiecezja.wroc.pl\/index.php?rest_route=%2Fwp%2Fv2%2Fmedia&parent=1784"}],"wp:term":[{"taxonomy":"category","embeddable":true,"href":"http:\/\/zalesie.archidiecezja.wroc.pl\/index.php?rest_route=%2Fwp%2Fv2%2Fcategories&post=1784"},{"taxonomy":"post_tag","embeddable":true,"href":"http:\/\/zalesie.archidiecezja.wroc.pl\/index.php?rest_route=%2Fwp%2Fv2%2Ftags&post=1784"}],"curies":[{"name":"wp","href":"https:\/\/api.w.org\/{rel}","templated":true}]}}