{"id":1780,"date":"2025-12-13T22:35:39","date_gmt":"2025-12-13T21:35:39","guid":{"rendered":"http:\/\/zalesie.archidiecezja.wroc.pl\/?p=1780"},"modified":"2025-12-13T22:38:47","modified_gmt":"2025-12-13T21:38:47","slug":"3-niedziela-adwentu-14-12-2025-r","status":"publish","type":"post","link":"http:\/\/zalesie.archidiecezja.wroc.pl\/?p=1780","title":{"rendered":"3. niedziela adwentu, 14.12.2025 r."},"content":{"rendered":"\n<pre class=\"wp-block-code\"><code>                         <\/code><\/pre>\n\n\n\n<p>Dzi\u015b <strong>niedziela<\/strong> <strong>Gaudete<\/strong> (Radujcie si\u0119), niedziela rado\u015bci.<br>Na pro\u015bb\u0119 rodzic\u00f3w msze \u015bwi\u0119te roratnie s\u0105, podobnie jak w zesz\u0142ych latach, rano o godzinie 6.30, \u017ceby dzieci mog\u0142y zd\u0105\u017cy\u0107 do szko\u0142y. Ze wzgl\u0119du na rekolekcje w poniedzia\u0142ek i wtorek nie ma mszy \u015bw. o g. 6.30.                                                                             <strong>W \u015brod\u0119 czwartek, pi\u0105tek i sobot\u0119 msze \u015bw. roratnie o 6.30<\/strong>.<br><\/p>\n\n\n\n<p><strong>Rozpoczynamy dzisiaj rekolekcje adwentowe. Poprowadzi je ksi\u0105dz Jerzy Grzyb ze Zgromadzenia Ksi\u0119\u017cy Misjonarzy, kt\u00f3rego serdecznie witamy.                                    Msze \u015bwi\u0119te rekolekcyjne w poniedzia\u0142ek i wtorek o g. 9 i 18.                              Spowied\u017a w poniedzia\u0142ek i wtorek od g. 8.30 i 17.30.<\/strong><br><\/p>\n\n\n\n<p>Serdecznie zapraszamy Parafian do wsp\u00f3lnego \u015bpiewu podczas Pasterki. Mile widziane s\u0105 osoby z do\u015bwiadczeniem muzycznym, ale r\u00f3wnie\u017c ci, kt\u00f3rzy po prostu lubi\u0105 \u015bpiewa\u0107. Pierwsze spotkanie (pr\u00f3ba ch\u00f3ru) odb\u0119dzie si\u0119 w najbli\u017cszy czwartek o 18.30, po mszy \u015bw. wieczornej w zakrystii.<br>We wtorek o g. 19 spotkanie dla m\u0142odzie\u017cy z klas \u00f3smych.                             Przygotowujemy si\u0119 do przyj\u0119cia sakramentu bierzmowania.<br><\/p>\n\n\n\n<p>W pi\u0105tek msza \u015bw. z modlitw\u0105 o uzdrowienie o g. 19. Zapraszamy<br>W sobot\u0119 zapraszamy ministrant\u00f3w i lektor\u00f3w na zbi\u00f3rk\u0119 o g. 10.<br>Do nabycia s\u0105 op\u0142atki.<br>Do nabycia s\u0105 te\u017c gazety \u201cNiedziela\u201d i \u201cNowe \u017cycie\u201d.<\/p>\n","protected":false},"excerpt":{"rendered":"<p>Dzi\u015b niedziela Gaudete (Radujcie si\u0119), niedziela rado\u015bci.Na pro\u015bb\u0119 rodzic\u00f3w msze \u015bwi\u0119te roratnie s\u0105, podobnie jak w zesz\u0142ych latach, rano o godzinie 6.30, \u017ceby dzieci mog\u0142y zd\u0105\u017cy\u0107 do szko\u0142y. Ze wzgl\u0119du na rekolekcje w poniedzia\u0142ek i wtorek nie ma mszy \u015bw. o g. 6.30. W \u015brod\u0119 czwartek, pi\u0105tek i sobot\u0119 msze \u015bw. roratnie o 6.30. Rozpoczynamy &hellip; <a href=\"http:\/\/zalesie.archidiecezja.wroc.pl\/?p=1780\" class=\"more-link\">Continue reading <span class=\"screen-reader-text\">3. niedziela adwentu, 14.12.2025 r.<\/span><\/a><\/p>\n","protected":false},"author":1,"featured_media":0,"comment_status":"closed","ping_status":"open","sticky":false,"template":"","format":"standard","meta":[],"categories":[1],"tags":[],"_links":{"self":[{"href":"http:\/\/zalesie.archidiecezja.wroc.pl\/index.php?rest_route=\/wp\/v2\/posts\/1780"}],"collection":[{"href":"http:\/\/zalesie.archidiecezja.wroc.pl\/index.php?rest_route=\/wp\/v2\/posts"}],"about":[{"href":"http:\/\/zalesie.archidiecezja.wroc.pl\/index.php?rest_route=\/wp\/v2\/types\/post"}],"author":[{"embeddable":true,"href":"http:\/\/zalesie.archidiecezja.wroc.pl\/index.php?rest_route=\/wp\/v2\/users\/1"}],"replies":[{"embeddable":true,"href":"http:\/\/zalesie.archidiecezja.wroc.pl\/index.php?rest_route=%2Fwp%2Fv2%2Fcomments&post=1780"}],"version-history":[{"count":2,"href":"http:\/\/zalesie.archidiecezja.wroc.pl\/index.php?rest_route=\/wp\/v2\/posts\/1780\/revisions"}],"predecessor-version":[{"id":1782,"href":"http:\/\/zalesie.archidiecezja.wroc.pl\/index.php?rest_route=\/wp\/v2\/posts\/1780\/revisions\/1782"}],"wp:attachment":[{"href":"http:\/\/zalesie.archidiecezja.wroc.pl\/index.php?rest_route=%2Fwp%2Fv2%2Fmedia&parent=1780"}],"wp:term":[{"taxonomy":"category","embeddable":true,"href":"http:\/\/zalesie.archidiecezja.wroc.pl\/index.php?rest_route=%2Fwp%2Fv2%2Fcategories&post=1780"},{"taxonomy":"post_tag","embeddable":true,"href":"http:\/\/zalesie.archidiecezja.wroc.pl\/index.php?rest_route=%2Fwp%2Fv2%2Ftags&post=1780"}],"curies":[{"name":"wp","href":"https:\/\/api.w.org\/{rel}","templated":true}]}}