{"id":1777,"date":"2025-12-06T23:27:25","date_gmt":"2025-12-06T22:27:25","guid":{"rendered":"http:\/\/zalesie.archidiecezja.wroc.pl\/?p=1777"},"modified":"2025-12-06T23:27:25","modified_gmt":"2025-12-06T22:27:25","slug":"2-niedziela-adwentu-7-12-2025-r","status":"publish","type":"post","link":"http:\/\/zalesie.archidiecezja.wroc.pl\/?p=1777","title":{"rendered":"2. niedziela adwentu,    7.12.2025 r."},"content":{"rendered":"\n<pre class=\"wp-block-code\"><code>                         <\/code><\/pre>\n\n\n\n<p>Dzisiaj pierwsza niedziela miesi\u0105ca. <strong>Po mszy \u015bw. o 12-tej adoracja Naj\u015bw. Sakramentu. O 15 &#8211; koronka do Mi\u0142osierdzia Bo\u017cego i zako\u0144czenie adoracji.<\/strong><br>Na pro\u015bb\u0119 rodzic\u00f3w msze \u015bwi\u0119te roratnie s\u0105, podobnie jak w zesz\u0142ych latach, rano o godzinie 6.30, \u017ceby dzieci mog\u0142y zd\u0105\u017cy\u0107 do szko\u0142y. Zatem msza \u015bwi\u0119ta poranna                 od poniedzia\u0142ku do soboty jest przesuni\u0119ta z godziny 7.00 na 6.30.<br><strong>Rekolekcje rozpoczniemy w trzeci\u0105 niedziel\u0119 adwentu<\/strong>, czyli za tydzie\u0144.              <strong>Poprowadzi je ksi\u0105dz Jerzy Grzyb<\/strong> <strong>ze Zgromadzenia Ksi\u0119\u017cy Misjonarzy.<\/strong><br>Serdecznie zapraszamy Parafian do wsp\u00f3lnego \u015bpiewu podczas Pasterki. Mile widziane s\u0105 osoby z do\u015bwiadczeniem muzycznym, ale r\u00f3wnie\u017c ci, kt\u00f3rzy po prostu lubi\u0105 \u015bpiewa\u0107. Pierwsze spotkanie (pr\u00f3ba ch\u00f3ru) odb\u0119dzie si\u0119 w najbli\u017cszy czwartek o 18.30, po mszy \u015bw. wieczornej w zakrystii.<br>                                                         Kalendarz liturgiczny:<br>8.12, poniedzia\u0142ek, uroczysto\u015b\u0107 Niepokalanego Pocz\u0119cia Naj\u015bw. Maryi Panny; 13.12, sobota, wspomnienie obowi\u0105zkowe \u015bw. \u0141ucji, dziewicy i m\u0119czennicy.<br>Do nabycia s\u0105 op\u0142atki oraz \u015bwiece wigilijne po 10 i 20 PLN rozprowadzane przez &#8220;Caritas&#8221;.<br>Do nabycia s\u0105 te\u017c gazety \u201cNiedziela\u201d i \u201cNowe \u017cycie\u201d.<\/p>\n","protected":false},"excerpt":{"rendered":"<p>Dzisiaj pierwsza niedziela miesi\u0105ca. Po mszy \u015bw. o 12-tej adoracja Naj\u015bw. Sakramentu. O 15 &#8211; koronka do Mi\u0142osierdzia Bo\u017cego i zako\u0144czenie adoracji.Na pro\u015bb\u0119 rodzic\u00f3w msze \u015bwi\u0119te roratnie s\u0105, podobnie jak w zesz\u0142ych latach, rano o godzinie 6.30, \u017ceby dzieci mog\u0142y zd\u0105\u017cy\u0107 do szko\u0142y. Zatem msza \u015bwi\u0119ta poranna od poniedzia\u0142ku do soboty jest przesuni\u0119ta z godziny &hellip; <a href=\"http:\/\/zalesie.archidiecezja.wroc.pl\/?p=1777\" class=\"more-link\">Continue reading <span class=\"screen-reader-text\">2. niedziela adwentu,    7.12.2025 r.<\/span><\/a><\/p>\n","protected":false},"author":1,"featured_media":0,"comment_status":"closed","ping_status":"open","sticky":false,"template":"","format":"standard","meta":[],"categories":[1],"tags":[],"_links":{"self":[{"href":"http:\/\/zalesie.archidiecezja.wroc.pl\/index.php?rest_route=\/wp\/v2\/posts\/1777"}],"collection":[{"href":"http:\/\/zalesie.archidiecezja.wroc.pl\/index.php?rest_route=\/wp\/v2\/posts"}],"about":[{"href":"http:\/\/zalesie.archidiecezja.wroc.pl\/index.php?rest_route=\/wp\/v2\/types\/post"}],"author":[{"embeddable":true,"href":"http:\/\/zalesie.archidiecezja.wroc.pl\/index.php?rest_route=\/wp\/v2\/users\/1"}],"replies":[{"embeddable":true,"href":"http:\/\/zalesie.archidiecezja.wroc.pl\/index.php?rest_route=%2Fwp%2Fv2%2Fcomments&post=1777"}],"version-history":[{"count":1,"href":"http:\/\/zalesie.archidiecezja.wroc.pl\/index.php?rest_route=\/wp\/v2\/posts\/1777\/revisions"}],"predecessor-version":[{"id":1778,"href":"http:\/\/zalesie.archidiecezja.wroc.pl\/index.php?rest_route=\/wp\/v2\/posts\/1777\/revisions\/1778"}],"wp:attachment":[{"href":"http:\/\/zalesie.archidiecezja.wroc.pl\/index.php?rest_route=%2Fwp%2Fv2%2Fmedia&parent=1777"}],"wp:term":[{"taxonomy":"category","embeddable":true,"href":"http:\/\/zalesie.archidiecezja.wroc.pl\/index.php?rest_route=%2Fwp%2Fv2%2Fcategories&post=1777"},{"taxonomy":"post_tag","embeddable":true,"href":"http:\/\/zalesie.archidiecezja.wroc.pl\/index.php?rest_route=%2Fwp%2Fv2%2Ftags&post=1777"}],"curies":[{"name":"wp","href":"https:\/\/api.w.org\/{rel}","templated":true}]}}