{"id":1771,"date":"2025-11-29T20:49:09","date_gmt":"2025-11-29T19:49:09","guid":{"rendered":"http:\/\/zalesie.archidiecezja.wroc.pl\/?p=1771"},"modified":"2025-11-29T20:59:01","modified_gmt":"2025-11-29T19:59:01","slug":"1-niedziela-adwentu-30-11-2025-r","status":"publish","type":"post","link":"http:\/\/zalesie.archidiecezja.wroc.pl\/?p=1771","title":{"rendered":"1. niedziela adwentu, 30.11.2025 r."},"content":{"rendered":"\n<pre class=\"wp-block-code\"><code>                           <\/code><\/pre>\n\n\n\n<p>Rozpoczynamy adwent, czas radosnego oczekiwania na przyj\u015bcie Jezusa.<br>Na pro\u015bb\u0119 rodzic\u00f3w <strong>msze \u015bwi\u0119te roratnie <\/strong>b\u0119d\u0105, podobnie jak w zesz\u0142ych latach, <strong>rano o godzinie 6.30<\/strong>, \u017ceby dzieci mog\u0142y zd\u0105\u017cy\u0107 do szko\u0142y. Zatem od jutra msza \u015bwi\u0119ta poranna od poniedzia\u0142ku do soboty b\u0119dzie przesuni\u0119ta z godziny 7.00 na 6.30.<br>Rekolekcje rozpoczniemy w trzeci\u0105 niedziel\u0119 adwentu, czyli za 2 tygodnie.<br>W poniedzia\u0142ek<\/p>\n\n\n\n<p>We wtorek, 2.12 na godzin\u0119 19-t\u0105 zapraszamy m\u0142odzie\u017c z klas \u00f3smych                                  na przygotowanie do przyj\u0119cia sakramentu bierzmowania.<br>                      <\/p>\n\n\n\n<p>                                                   Kalendarz liturgiczny:<br>3.12, \u015broda, wspomnienie ob. \u015bw. Franciszka Ksawerego, kap\u0142ana.<br>W pierwszy czwartek miesi\u0105ca, 4.12, modlimy si\u0119 o liczne i dobre powo\u0142ania kap\u0142a\u0144skie i zakonne;<br>W pierwszy pi\u0105tek miesi\u0105ca, 5.12 &#8211; spowied\u017a od g. 17.30, a po mszy \u015bw. wieczornej &#8211; litania do Naj\u015bw. Serca Pana Jezusa.<br>W pierwsz\u0105 sobot\u0119 miesi\u0105ca, 6.12, odwiedzamy od g. 9-tej z Naj\u015bw. Sakramentem osoby starsze i chore; a po mszy \u015bw. wieczornej &#8211; zmiana tajemnic \u017cywego r\u00f3\u017ca\u0144ca.<br>Do nabycia s\u0105 op\u0142atki oraz \u015bwiece wigilijne po 10 i 20 PLN rozprowadzane przez &#8220;Caritas&#8221;.<br>Do nabycia s\u0105 te\u017c gazety \u201cNiedziela\u201d i \u201cNowe \u017cycie\u201d.<\/p>\n\n\n\n<pre class=\"wp-block-code\"><code>                          <\/code><\/pre>\n\n\n\n<pre class=\"wp-block-code\"><code><\/code><\/pre>\n","protected":false},"excerpt":{"rendered":"<p>Rozpoczynamy adwent, czas radosnego oczekiwania na przyj\u015bcie Jezusa.Na pro\u015bb\u0119 rodzic\u00f3w msze \u015bwi\u0119te roratnie b\u0119d\u0105, podobnie jak w zesz\u0142ych latach, rano o godzinie 6.30, \u017ceby dzieci mog\u0142y zd\u0105\u017cy\u0107 do szko\u0142y. Zatem od jutra msza \u015bwi\u0119ta poranna od poniedzia\u0142ku do soboty b\u0119dzie przesuni\u0119ta z godziny 7.00 na 6.30.Rekolekcje rozpoczniemy w trzeci\u0105 niedziel\u0119 adwentu, czyli za 2 tygodnie.W &hellip; <a href=\"http:\/\/zalesie.archidiecezja.wroc.pl\/?p=1771\" class=\"more-link\">Continue reading <span class=\"screen-reader-text\">1. niedziela adwentu, 30.11.2025 r.<\/span><\/a><\/p>\n","protected":false},"author":1,"featured_media":0,"comment_status":"closed","ping_status":"open","sticky":false,"template":"","format":"standard","meta":[],"categories":[1],"tags":[],"_links":{"self":[{"href":"http:\/\/zalesie.archidiecezja.wroc.pl\/index.php?rest_route=\/wp\/v2\/posts\/1771"}],"collection":[{"href":"http:\/\/zalesie.archidiecezja.wroc.pl\/index.php?rest_route=\/wp\/v2\/posts"}],"about":[{"href":"http:\/\/zalesie.archidiecezja.wroc.pl\/index.php?rest_route=\/wp\/v2\/types\/post"}],"author":[{"embeddable":true,"href":"http:\/\/zalesie.archidiecezja.wroc.pl\/index.php?rest_route=\/wp\/v2\/users\/1"}],"replies":[{"embeddable":true,"href":"http:\/\/zalesie.archidiecezja.wroc.pl\/index.php?rest_route=%2Fwp%2Fv2%2Fcomments&post=1771"}],"version-history":[{"count":2,"href":"http:\/\/zalesie.archidiecezja.wroc.pl\/index.php?rest_route=\/wp\/v2\/posts\/1771\/revisions"}],"predecessor-version":[{"id":1775,"href":"http:\/\/zalesie.archidiecezja.wroc.pl\/index.php?rest_route=\/wp\/v2\/posts\/1771\/revisions\/1775"}],"wp:attachment":[{"href":"http:\/\/zalesie.archidiecezja.wroc.pl\/index.php?rest_route=%2Fwp%2Fv2%2Fmedia&parent=1771"}],"wp:term":[{"taxonomy":"category","embeddable":true,"href":"http:\/\/zalesie.archidiecezja.wroc.pl\/index.php?rest_route=%2Fwp%2Fv2%2Fcategories&post=1771"},{"taxonomy":"post_tag","embeddable":true,"href":"http:\/\/zalesie.archidiecezja.wroc.pl\/index.php?rest_route=%2Fwp%2Fv2%2Ftags&post=1771"}],"curies":[{"name":"wp","href":"https:\/\/api.w.org\/{rel}","templated":true}]}}