{"id":1765,"date":"2025-11-22T16:54:33","date_gmt":"2025-11-22T15:54:33","guid":{"rendered":"http:\/\/zalesie.archidiecezja.wroc.pl\/?p=1765"},"modified":"2025-11-22T16:54:33","modified_gmt":"2025-11-22T15:54:33","slug":"uroczystosc-jezusa-chrystusa-krola-wszechswiata-23-11-2025-r","status":"publish","type":"post","link":"http:\/\/zalesie.archidiecezja.wroc.pl\/?p=1765","title":{"rendered":"Uroczysto\u015b\u0107 Jezusa Chrystusa Kr\u00f3la Wszech\u015bwiata    23.11.2025 r."},"content":{"rendered":"\n<pre class=\"wp-block-code\"><code>                                <\/code><\/pre>\n\n\n\n<p>Za tydzie\u0144 w niedziel\u0119 rozpoczyna si\u0119 nowy rok liturgiczny.<br>Jak w poprzednich latach podczas adwentu od poniedzia\u0142ku do soboty msza \u015bwi\u0119ta poranna b\u0119dzie odprawiana o p\u00f3\u0142 godziny wcze\u015bniej, czyli o 6.30. Dzi\u0119ki temu dzieci uczestnicz\u0105ce w roratach b\u0119d\u0105 mog\u0142y zd\u0105\u017cy\u0107 na zaj\u0119cia w szkole. Wieczorna msza \u015bwi\u0119ta &#8211; o g. 18-tej.<\/p>\n\n\n\n<p>W czwartek, 20.11, odby\u0142o si\u0119 spotkanie grupy synodalnej poprzedzone adoracj\u0105 Naj\u015bw. Sakramentu i msz\u0105 \u015bwi\u0119t\u0105.<\/p>\n\n\n\n<pre class=\"wp-block-code\"><code>                                                                 Kalendarz liturgiczny:<\/code><\/pre>\n\n\n\n<p>24.11, poniedzia\u0142ek, wspomnienie obowi\u0105zkowe \u015bwi\u0119tych m\u0119czennik\u00f3w, Andrzeja Dung-Lac, pierwszego wietnamskiego ksi\u0119dza katolickiego i Towarzyszy.<\/p>\n\n\n\n<p>Do nabycia s\u0105 gazety \u201cNiedziela\u201d, \u201cNowe \u017cycie\u201d, &#8220;Misyjne drogi&#8221;.<\/p>\n","protected":false},"excerpt":{"rendered":"<p>Za tydzie\u0144 w niedziel\u0119 rozpoczyna si\u0119 nowy rok liturgiczny.Jak w poprzednich latach podczas adwentu od poniedzia\u0142ku do soboty msza \u015bwi\u0119ta poranna b\u0119dzie odprawiana o p\u00f3\u0142 godziny wcze\u015bniej, czyli o 6.30. Dzi\u0119ki temu dzieci uczestnicz\u0105ce w roratach b\u0119d\u0105 mog\u0142y zd\u0105\u017cy\u0107 na zaj\u0119cia w szkole. Wieczorna msza \u015bwi\u0119ta &#8211; o g. 18-tej. W czwartek, 20.11, odby\u0142o si\u0119 &hellip; <a href=\"http:\/\/zalesie.archidiecezja.wroc.pl\/?p=1765\" class=\"more-link\">Continue reading <span class=\"screen-reader-text\">Uroczysto\u015b\u0107 Jezusa Chrystusa Kr\u00f3la Wszech\u015bwiata    23.11.2025 r.<\/span><\/a><\/p>\n","protected":false},"author":1,"featured_media":0,"comment_status":"closed","ping_status":"open","sticky":false,"template":"","format":"standard","meta":[],"categories":[1],"tags":[],"_links":{"self":[{"href":"http:\/\/zalesie.archidiecezja.wroc.pl\/index.php?rest_route=\/wp\/v2\/posts\/1765"}],"collection":[{"href":"http:\/\/zalesie.archidiecezja.wroc.pl\/index.php?rest_route=\/wp\/v2\/posts"}],"about":[{"href":"http:\/\/zalesie.archidiecezja.wroc.pl\/index.php?rest_route=\/wp\/v2\/types\/post"}],"author":[{"embeddable":true,"href":"http:\/\/zalesie.archidiecezja.wroc.pl\/index.php?rest_route=\/wp\/v2\/users\/1"}],"replies":[{"embeddable":true,"href":"http:\/\/zalesie.archidiecezja.wroc.pl\/index.php?rest_route=%2Fwp%2Fv2%2Fcomments&post=1765"}],"version-history":[{"count":1,"href":"http:\/\/zalesie.archidiecezja.wroc.pl\/index.php?rest_route=\/wp\/v2\/posts\/1765\/revisions"}],"predecessor-version":[{"id":1766,"href":"http:\/\/zalesie.archidiecezja.wroc.pl\/index.php?rest_route=\/wp\/v2\/posts\/1765\/revisions\/1766"}],"wp:attachment":[{"href":"http:\/\/zalesie.archidiecezja.wroc.pl\/index.php?rest_route=%2Fwp%2Fv2%2Fmedia&parent=1765"}],"wp:term":[{"taxonomy":"category","embeddable":true,"href":"http:\/\/zalesie.archidiecezja.wroc.pl\/index.php?rest_route=%2Fwp%2Fv2%2Fcategories&post=1765"},{"taxonomy":"post_tag","embeddable":true,"href":"http:\/\/zalesie.archidiecezja.wroc.pl\/index.php?rest_route=%2Fwp%2Fv2%2Ftags&post=1765"}],"curies":[{"name":"wp","href":"https:\/\/api.w.org\/{rel}","templated":true}]}}