{"id":1757,"date":"2025-11-15T16:49:05","date_gmt":"2025-11-15T15:49:05","guid":{"rendered":"http:\/\/zalesie.archidiecezja.wroc.pl\/?p=1757"},"modified":"2025-11-15T16:49:05","modified_gmt":"2025-11-15T15:49:05","slug":"33-niedziela-zwykla-16-11-2025-r","status":"publish","type":"post","link":"http:\/\/zalesie.archidiecezja.wroc.pl\/?p=1757","title":{"rendered":"33. niedziela zwyk\u0142a,         16.11.2025 r."},"content":{"rendered":"\n<pre class=\"wp-block-code\"><code><\/code><\/pre>\n\n\n\n<p>Msze \u015bwi\u0119te: w niedziele o g. 7, 9, 10.30 dla dzieci, 12 i 18, w dni powszednie o 7 i 18.<\/p>\n\n\n\n<pre class=\"wp-block-code\"><code>                            Kalendarz liturgiczny:<\/code><\/pre>\n\n\n\n<p>17.11, poniedzia\u0142ek, wsp. obowi\u0105zkowe \u015bw. El\u017cbiety, zakonnicy;<br>18.11, wtorek, wsp. ob. b\u0142. Karoliny K\u00f3zk\u00f3wny, dziewicy i m\u0119czenicy;<br>20.11, czwartek, wsp. ob. \u015bw. Rafa\u0142a Kalinowskiego, kap\u0142ana;<br>21.11, pi\u0105tek, wspomnienie Ofiarowania Naj\u015bw. Maryi Panny;<br>22.11, sobota, wsp. ob. \u015bw. Cecylii, dziewicy i m\u0119czennicy.<br>We wtorek (17.11) zapraszamy m\u0142odzie\u017c z klas \u00f3smych na przygotowanie do przyj\u0119cia sakramentu bierzmowania (g.19).<br><strong>W czwartek (20.11) modlimy si\u0119 podczas mszy \u015bw. wieczornej w intencji synodu,                 po mszy \u015bw. adoracja, agapa i dzielenie si\u0119 S\u0142owem Bo\u017cym. <\/strong>                                  <strong>Zapraszamy wszystkich Parafian.<\/strong><br>W pi\u0105tek (21.11) zapraszamy o g. 19 na msz\u0119 \u015bw. z modlitw\u0105 o uzdrowienie.<br>Spotkanie ministrant\u00f3w i lektor\u00f3w w sobot\u0119 (22.11) o g. 10.<br>Biuro parafialne czynne w \u015brody i pi\u0105tki od 16 do 17.30.<br>S\u0105 gazety \u201cNiedziela&#8221;, \u201cNowe \u017bycie\u201d i &#8220;Trwajcie w mi\u0142o\u015bci&#8221;.<\/p>\n","protected":false},"excerpt":{"rendered":"<p>Msze \u015bwi\u0119te: w niedziele o g. 7, 9, 10.30 dla dzieci, 12 i 18, w dni powszednie o 7 i 18. 17.11, poniedzia\u0142ek, wsp. obowi\u0105zkowe \u015bw. El\u017cbiety, zakonnicy;18.11, wtorek, wsp. ob. b\u0142. Karoliny K\u00f3zk\u00f3wny, dziewicy i m\u0119czenicy;20.11, czwartek, wsp. ob. \u015bw. Rafa\u0142a Kalinowskiego, kap\u0142ana;21.11, pi\u0105tek, wspomnienie Ofiarowania Naj\u015bw. Maryi Panny;22.11, sobota, wsp. ob. \u015bw. Cecylii, &hellip; <a href=\"http:\/\/zalesie.archidiecezja.wroc.pl\/?p=1757\" class=\"more-link\">Continue reading <span class=\"screen-reader-text\">33. niedziela zwyk\u0142a,         16.11.2025 r.<\/span><\/a><\/p>\n","protected":false},"author":1,"featured_media":0,"comment_status":"closed","ping_status":"open","sticky":false,"template":"","format":"standard","meta":[],"categories":[1],"tags":[],"_links":{"self":[{"href":"http:\/\/zalesie.archidiecezja.wroc.pl\/index.php?rest_route=\/wp\/v2\/posts\/1757"}],"collection":[{"href":"http:\/\/zalesie.archidiecezja.wroc.pl\/index.php?rest_route=\/wp\/v2\/posts"}],"about":[{"href":"http:\/\/zalesie.archidiecezja.wroc.pl\/index.php?rest_route=\/wp\/v2\/types\/post"}],"author":[{"embeddable":true,"href":"http:\/\/zalesie.archidiecezja.wroc.pl\/index.php?rest_route=\/wp\/v2\/users\/1"}],"replies":[{"embeddable":true,"href":"http:\/\/zalesie.archidiecezja.wroc.pl\/index.php?rest_route=%2Fwp%2Fv2%2Fcomments&post=1757"}],"version-history":[{"count":1,"href":"http:\/\/zalesie.archidiecezja.wroc.pl\/index.php?rest_route=\/wp\/v2\/posts\/1757\/revisions"}],"predecessor-version":[{"id":1758,"href":"http:\/\/zalesie.archidiecezja.wroc.pl\/index.php?rest_route=\/wp\/v2\/posts\/1757\/revisions\/1758"}],"wp:attachment":[{"href":"http:\/\/zalesie.archidiecezja.wroc.pl\/index.php?rest_route=%2Fwp%2Fv2%2Fmedia&parent=1757"}],"wp:term":[{"taxonomy":"category","embeddable":true,"href":"http:\/\/zalesie.archidiecezja.wroc.pl\/index.php?rest_route=%2Fwp%2Fv2%2Fcategories&post=1757"},{"taxonomy":"post_tag","embeddable":true,"href":"http:\/\/zalesie.archidiecezja.wroc.pl\/index.php?rest_route=%2Fwp%2Fv2%2Ftags&post=1757"}],"curies":[{"name":"wp","href":"https:\/\/api.w.org\/{rel}","templated":true}]}}