{"id":1755,"date":"2025-11-08T22:50:08","date_gmt":"2025-11-08T21:50:08","guid":{"rendered":"http:\/\/zalesie.archidiecezja.wroc.pl\/?p=1755"},"modified":"2025-11-08T22:50:08","modified_gmt":"2025-11-08T21:50:08","slug":"swieto-rocznicy-poswiecenia-bazyliki-lateranskiej-9-11-2025-r","status":"publish","type":"post","link":"http:\/\/zalesie.archidiecezja.wroc.pl\/?p=1755","title":{"rendered":"\u015awi\u0119to rocznicy po\u015bwi\u0119cenia Bazyliki Latera\u0144skiej, 9.11.2025 r."},"content":{"rendered":"\n<p>\u015awi\u0119to rocznicy po\u015bwi\u0119cenia Bazyliki Latera\u0144skiej                            9.11.2025 r.<br>Dzie\u0144 Solidarno\u015bci z Ko\u015bcio\u0142em Prze\u015bladowanym &#8211; Nigeria<\/p>\n\n\n\n<p>Msze \u015bwi\u0119te: w niedziele o g. 7, 9, 10.30 dla dzieci, 12 i 18, w dni powszednie o 7 i 18.<br>W parafii pw. Matki Bo\u017cej Mi\u0142osierdzia na ul. Brucknera odb\u0119dzie sie dzi\u015b (9.11) o g. 16.30 wiecz\u00f3r patriotyczny, kt\u00f3ry obejmie koncert, wsp\u00f3lne \u015bpiewanie pie\u015bni patriotycznych i i wyk\u0142ad doktora Juliusza Wo\u017anego.<br><\/p>\n\n\n\n<p>                                          Kalendarz liturgiczny:<br>10.11, poniedzia\u0142ek, wsp. ob. \u015bw. Leona Wielkiego, papie\u017ca i doktora Ko\u015bcio\u0142a;               11.11, wtorek, wsp. obow. \u015bw. Marcina z Tours, biskupa;                                                    12.11, \u015broda, wsp. obow. \u015bw. Jozafata, biskupa i m\u0119czennika;                                             13.11, czwartek, wsp. ob. pierwszych m\u0119czennik\u00f3w Polski:                                      Benedykta, Jana, Mateusza, Izaaka i Krystyna;<br><\/p>\n\n\n\n<p>We wtorek, 11.11 przypada Narodowe \u015awi\u0119to Niepodleg\u0142o\u015bci. Msze \u015bwi\u0119te o g. 7 i 18.<br>Biuro parafialne czynne w \u015brody i pi\u0105tki od 16 do 17.30.<br>S\u0105 gazety \u201cNiedziela&#8221;, \u201cNowe \u017bycie\u201d i &#8220;Trwajcie w mi\u0142o\u015bci&#8221;.<\/p>\n","protected":false},"excerpt":{"rendered":"<p>\u015awi\u0119to rocznicy po\u015bwi\u0119cenia Bazyliki Latera\u0144skiej 9.11.2025 r.Dzie\u0144 Solidarno\u015bci z Ko\u015bcio\u0142em Prze\u015bladowanym &#8211; Nigeria Msze \u015bwi\u0119te: w niedziele o g. 7, 9, 10.30 dla dzieci, 12 i 18, w dni powszednie o 7 i 18.W parafii pw. Matki Bo\u017cej Mi\u0142osierdzia na ul. Brucknera odb\u0119dzie sie dzi\u015b (9.11) o g. 16.30 wiecz\u00f3r patriotyczny, kt\u00f3ry obejmie koncert, wsp\u00f3lne &hellip; <a href=\"http:\/\/zalesie.archidiecezja.wroc.pl\/?p=1755\" class=\"more-link\">Continue reading <span class=\"screen-reader-text\">\u015awi\u0119to rocznicy po\u015bwi\u0119cenia Bazyliki Latera\u0144skiej, 9.11.2025 r.<\/span><\/a><\/p>\n","protected":false},"author":1,"featured_media":0,"comment_status":"closed","ping_status":"open","sticky":false,"template":"","format":"standard","meta":[],"categories":[1],"tags":[],"_links":{"self":[{"href":"http:\/\/zalesie.archidiecezja.wroc.pl\/index.php?rest_route=\/wp\/v2\/posts\/1755"}],"collection":[{"href":"http:\/\/zalesie.archidiecezja.wroc.pl\/index.php?rest_route=\/wp\/v2\/posts"}],"about":[{"href":"http:\/\/zalesie.archidiecezja.wroc.pl\/index.php?rest_route=\/wp\/v2\/types\/post"}],"author":[{"embeddable":true,"href":"http:\/\/zalesie.archidiecezja.wroc.pl\/index.php?rest_route=\/wp\/v2\/users\/1"}],"replies":[{"embeddable":true,"href":"http:\/\/zalesie.archidiecezja.wroc.pl\/index.php?rest_route=%2Fwp%2Fv2%2Fcomments&post=1755"}],"version-history":[{"count":1,"href":"http:\/\/zalesie.archidiecezja.wroc.pl\/index.php?rest_route=\/wp\/v2\/posts\/1755\/revisions"}],"predecessor-version":[{"id":1756,"href":"http:\/\/zalesie.archidiecezja.wroc.pl\/index.php?rest_route=\/wp\/v2\/posts\/1755\/revisions\/1756"}],"wp:attachment":[{"href":"http:\/\/zalesie.archidiecezja.wroc.pl\/index.php?rest_route=%2Fwp%2Fv2%2Fmedia&parent=1755"}],"wp:term":[{"taxonomy":"category","embeddable":true,"href":"http:\/\/zalesie.archidiecezja.wroc.pl\/index.php?rest_route=%2Fwp%2Fv2%2Fcategories&post=1755"},{"taxonomy":"post_tag","embeddable":true,"href":"http:\/\/zalesie.archidiecezja.wroc.pl\/index.php?rest_route=%2Fwp%2Fv2%2Ftags&post=1755"}],"curies":[{"name":"wp","href":"https:\/\/api.w.org\/{rel}","templated":true}]}}