{"id":1750,"date":"2025-11-02T01:26:09","date_gmt":"2025-11-02T00:26:09","guid":{"rendered":"http:\/\/zalesie.archidiecezja.wroc.pl\/?p=1750"},"modified":"2025-11-02T01:29:47","modified_gmt":"2025-11-02T00:29:47","slug":"wspomnienie-wszystkich-wiernych-zmarlych-2-11-2025-r","status":"publish","type":"post","link":"http:\/\/zalesie.archidiecezja.wroc.pl\/?p=1750","title":{"rendered":"Wspomnienie wszystkich wiernych zmar\u0142ych, 2.11.2025 r."},"content":{"rendered":"\n<pre class=\"wp-block-code\"><code>            <\/code><\/pre>\n\n\n\n<p>Ze wzgl\u0119du na przypadaj\u0105cy dzi\u015b dzie\u0144 zaduszny nie b\u0119dzie dzisiaj popo\u0142udniowej adoracji Naj\u015bw. Sakramentu, chocia\u017c jest to pierwsza niedziela miesi\u0105ca.<br>Po mszy \u015bw. wieczornej zapraszamy dzi\u015b na modlitw\u0119 r\u00f3\u017ca\u0144cow\u0105 z &#8220;wypominkami&#8221;.<br>Msze \u015bwi\u0119te: w niedziele o g. 7, 9, 10.30 dla dzieci, 12 i 18, w dni powszednie o 7 i 18.<\/p>\n\n\n\n<pre class=\"wp-block-code\"><code>                               Kalendarz liturgiczny:<\/code><\/pre>\n\n\n\n<p>4.11, wtorek, wsp. obowi\u0105zkowe. \u015bw. Karola Boromeusza, biskupa;<br><\/p>\n\n\n\n<p>Zapraszamy we wtorek, 4.11, m\u0142odzie\u017c z klas \u00f3smych na przygotowanie do przyj\u0119cia sakramentu bierzmowania.<br>Chorych i osoby starsze odwiedzimy z Naj\u015bwi\u0119tszym Sakramentem w najbli\u017csz\u0105 sobot\u0119, 8.11. <br>Biuro parafialne czynne w \u015brody i pi\u0105tki od 16 do 17.30.                                                                     <\/p>\n\n\n\n<p>S\u0105 gazety \u201cNiedziela&#8221;, \u201cNowe \u017bycie\u201d i &#8220;Trwajcie w mi\u0142o\u015bci&#8221;.<br>Dzi\u0119kujemy cz\u0142onkom rady parafialnej za wsp\u00f3lne spotkanie z grup\u0105 synodaln\u0105.<\/p>\n","protected":false},"excerpt":{"rendered":"<p>Ze wzgl\u0119du na przypadaj\u0105cy dzi\u015b dzie\u0144 zaduszny nie b\u0119dzie dzisiaj popo\u0142udniowej adoracji Naj\u015bw. Sakramentu, chocia\u017c jest to pierwsza niedziela miesi\u0105ca.Po mszy \u015bw. wieczornej zapraszamy dzi\u015b na modlitw\u0119 r\u00f3\u017ca\u0144cow\u0105 z &#8220;wypominkami&#8221;.Msze \u015bwi\u0119te: w niedziele o g. 7, 9, 10.30 dla dzieci, 12 i 18, w dni powszednie o 7 i 18. 4.11, wtorek, wsp. obowi\u0105zkowe. \u015bw. &hellip; <a href=\"http:\/\/zalesie.archidiecezja.wroc.pl\/?p=1750\" class=\"more-link\">Continue reading <span class=\"screen-reader-text\">Wspomnienie wszystkich wiernych zmar\u0142ych, 2.11.2025 r.<\/span><\/a><\/p>\n","protected":false},"author":1,"featured_media":0,"comment_status":"closed","ping_status":"open","sticky":false,"template":"","format":"standard","meta":[],"categories":[1],"tags":[],"_links":{"self":[{"href":"http:\/\/zalesie.archidiecezja.wroc.pl\/index.php?rest_route=\/wp\/v2\/posts\/1750"}],"collection":[{"href":"http:\/\/zalesie.archidiecezja.wroc.pl\/index.php?rest_route=\/wp\/v2\/posts"}],"about":[{"href":"http:\/\/zalesie.archidiecezja.wroc.pl\/index.php?rest_route=\/wp\/v2\/types\/post"}],"author":[{"embeddable":true,"href":"http:\/\/zalesie.archidiecezja.wroc.pl\/index.php?rest_route=\/wp\/v2\/users\/1"}],"replies":[{"embeddable":true,"href":"http:\/\/zalesie.archidiecezja.wroc.pl\/index.php?rest_route=%2Fwp%2Fv2%2Fcomments&post=1750"}],"version-history":[{"count":3,"href":"http:\/\/zalesie.archidiecezja.wroc.pl\/index.php?rest_route=\/wp\/v2\/posts\/1750\/revisions"}],"predecessor-version":[{"id":1753,"href":"http:\/\/zalesie.archidiecezja.wroc.pl\/index.php?rest_route=\/wp\/v2\/posts\/1750\/revisions\/1753"}],"wp:attachment":[{"href":"http:\/\/zalesie.archidiecezja.wroc.pl\/index.php?rest_route=%2Fwp%2Fv2%2Fmedia&parent=1750"}],"wp:term":[{"taxonomy":"category","embeddable":true,"href":"http:\/\/zalesie.archidiecezja.wroc.pl\/index.php?rest_route=%2Fwp%2Fv2%2Fcategories&post=1750"},{"taxonomy":"post_tag","embeddable":true,"href":"http:\/\/zalesie.archidiecezja.wroc.pl\/index.php?rest_route=%2Fwp%2Fv2%2Ftags&post=1750"}],"curies":[{"name":"wp","href":"https:\/\/api.w.org\/{rel}","templated":true}]}}