{"id":1747,"date":"2025-10-25T17:23:30","date_gmt":"2025-10-25T15:23:30","guid":{"rendered":"http:\/\/zalesie.archidiecezja.wroc.pl\/?p=1747"},"modified":"2025-10-25T17:25:35","modified_gmt":"2025-10-25T15:25:35","slug":"30-niedziela-zwykla-30-10-2025-r","status":"publish","type":"post","link":"http:\/\/zalesie.archidiecezja.wroc.pl\/?p=1747","title":{"rendered":"30. niedziela zwyk\u0142a,      26.10.2025 r."},"content":{"rendered":"\n<pre class=\"wp-block-code\"><code>                     <\/code><\/pre>\n\n\n\n<p>Msze \u015bwi\u0119te: w niedziele o g. 7, 9, 10.30 dla dzieci, 12 i 18, w dni powszednie o 7 i 18.<\/p>\n\n\n\n<pre class=\"wp-block-code\"><code>                                          Kalendarz liturgiczny:<\/code><\/pre>\n\n\n\n<p>W pa\u017adzierniku zapraszamy na nabo\u017ce\u0144stwo r\u00f3\u017ca\u0144cowe, ok.18.30.<br>28.1, wtorek, \u015bwi\u0119to \u015bwi\u0119tych Aposto\u0142\u00f3w Szymona i Judy Tadeusza.<br><strong>1.11, sobota, uroczysto\u015b\u0107 Wszystkich \u015awi\u0119tych: msze \u015bw. o 7, 9, 12 i 18<\/strong>.                               (nie ma mszy \u015bw. dla dzieci)<br><\/p>\n\n\n\n<p>Chorych i osoby starsze odwiedzimy z Naj\u015bwi\u0119tszym Sakramentem w nast\u0119pn\u0105 sobot\u0119, 8.11. Osoby z \u017cywego r\u00f3\u017ca\u0144ca prosimy, aby dokona\u0142y zmiany tajemnic r\u00f3\u017ca\u0144cowych i przeprowadzi\u0142y medytacj\u0119 indywidualnie.<br>Biuro parafialne czynne w \u015brody i pi\u0105tki od 16 do 17.30.<br>S\u0105 gazety \u201cNiedziela&#8221;, \u201cNowe \u017bycie\u201d i &#8220;Trwajcie w mi\u0142o\u015bci&#8221;.<br>Dzi\u0119kujemy cz\u0142onkom rady parafialnej za wsp\u00f3lne spotkanie z grup\u0105 synodaln\u0105.<br>Na \u0142awkach s\u0105 wy\u0142o\u017cone kartki wypominkowe.                                                               Pami\u0119tajmy o naszych zmar\u0142ych w modlitwie.<\/p>\n","protected":false},"excerpt":{"rendered":"<p>Msze \u015bwi\u0119te: w niedziele o g. 7, 9, 10.30 dla dzieci, 12 i 18, w dni powszednie o 7 i 18. W pa\u017adzierniku zapraszamy na nabo\u017ce\u0144stwo r\u00f3\u017ca\u0144cowe, ok.18.30.28.1, wtorek, \u015bwi\u0119to \u015bwi\u0119tych Aposto\u0142\u00f3w Szymona i Judy Tadeusza.1.11, sobota, uroczysto\u015b\u0107 Wszystkich \u015awi\u0119tych: msze \u015bw. o 7, 9, 12 i 18. (nie ma mszy \u015bw. dla dzieci) Chorych &hellip; <a href=\"http:\/\/zalesie.archidiecezja.wroc.pl\/?p=1747\" class=\"more-link\">Continue reading <span class=\"screen-reader-text\">30. niedziela zwyk\u0142a,      26.10.2025 r.<\/span><\/a><\/p>\n","protected":false},"author":1,"featured_media":0,"comment_status":"closed","ping_status":"open","sticky":false,"template":"","format":"standard","meta":[],"categories":[1],"tags":[],"_links":{"self":[{"href":"http:\/\/zalesie.archidiecezja.wroc.pl\/index.php?rest_route=\/wp\/v2\/posts\/1747"}],"collection":[{"href":"http:\/\/zalesie.archidiecezja.wroc.pl\/index.php?rest_route=\/wp\/v2\/posts"}],"about":[{"href":"http:\/\/zalesie.archidiecezja.wroc.pl\/index.php?rest_route=\/wp\/v2\/types\/post"}],"author":[{"embeddable":true,"href":"http:\/\/zalesie.archidiecezja.wroc.pl\/index.php?rest_route=\/wp\/v2\/users\/1"}],"replies":[{"embeddable":true,"href":"http:\/\/zalesie.archidiecezja.wroc.pl\/index.php?rest_route=%2Fwp%2Fv2%2Fcomments&post=1747"}],"version-history":[{"count":2,"href":"http:\/\/zalesie.archidiecezja.wroc.pl\/index.php?rest_route=\/wp\/v2\/posts\/1747\/revisions"}],"predecessor-version":[{"id":1749,"href":"http:\/\/zalesie.archidiecezja.wroc.pl\/index.php?rest_route=\/wp\/v2\/posts\/1747\/revisions\/1749"}],"wp:attachment":[{"href":"http:\/\/zalesie.archidiecezja.wroc.pl\/index.php?rest_route=%2Fwp%2Fv2%2Fmedia&parent=1747"}],"wp:term":[{"taxonomy":"category","embeddable":true,"href":"http:\/\/zalesie.archidiecezja.wroc.pl\/index.php?rest_route=%2Fwp%2Fv2%2Fcategories&post=1747"},{"taxonomy":"post_tag","embeddable":true,"href":"http:\/\/zalesie.archidiecezja.wroc.pl\/index.php?rest_route=%2Fwp%2Fv2%2Ftags&post=1747"}],"curies":[{"name":"wp","href":"https:\/\/api.w.org\/{rel}","templated":true}]}}