{"id":1743,"date":"2025-10-18T21:30:07","date_gmt":"2025-10-18T19:30:07","guid":{"rendered":"http:\/\/zalesie.archidiecezja.wroc.pl\/?p=1743"},"modified":"2025-10-18T21:30:07","modified_gmt":"2025-10-18T19:30:07","slug":"29-niedziela-zwykla-19-10-2025-r","status":"publish","type":"post","link":"http:\/\/zalesie.archidiecezja.wroc.pl\/?p=1743","title":{"rendered":"29. niedziela zwyk\u0142a,        19.10.2025 r."},"content":{"rendered":"\n<pre class=\"wp-block-code\"><code>                              <\/code><\/pre>\n\n\n\n<p>Msze \u015bwi\u0119te: w niedziele o g. 7, 9, 10.30 dla dzieci, 12 i 18, w dni powszednie o 7 i 18.<br>Dzi\u015b rozpoczyna si\u0119 tydzie\u0144 misyjny pod has\u0142em &#8220;<strong>Misjonarze nadziei<\/strong>&#8220;.<br>Uko\u0144czyli\u015bmy prace nad ostatnim du\u017cym witra\u017cem przedstawiaj\u0105cym Jezusa ukrzy\u017cowanego. Krzy\u017c jest znakiem pojednania Boga z ludzko\u015bci\u0105. Wcze\u015bniejsze witra\u017ce pokazuj\u0105, jak B\u00f3g b\u0142ogos\u0142awi pierwszym ludziom, Adamowi i Ewie, zawiera przymierze z Noem, odnawia je z Abrahamem, wreszcie przez Moj\u017cesza przekazuje Dekalog, Dziesi\u0119\u0107 Przykaza\u0144 ca\u0142ej ludzko\u015bci. Za czas\u00f3w ks. Miros\u0142awa Drzewieckiego wykonano witra\u017ce przedstawiaj\u0105ce symbole Ewangelist\u00f3w i -w prezbiterium- Jana Paw\u0142a II. Serdecznie dzi\u0119kujemy fundatorom!<br><\/p>\n\n\n\n<p>                                           Kalendarz liturgiczny:<br>20.10, poniedzia\u0142ek, wspomnienie obowi\u0105zkowe \u015bw. Jana Kantego, kap\u0142ana;<br>22.10, \u015broda, wspomnienie obowi\u0105zkowe \u015bw. Jana Paw\u0142a II, papie\u017ca.<br>W pa\u017adzierniku zapraszamy na nabo\u017ce\u0144stwo r\u00f3\u017ca\u0144cowe, ok.18.30..<br>Biuro parafialne czynne w \u015brody i pi\u0105tki od 16 do 17.30.<br>S\u0105 gazety \u201cNiedziela&#8221;, \u201cNowe \u017bycie\u201d i &#8220;Trwajcie w mi\u0142o\u015bci&#8221;.<br>We wtorek na g. 19-t\u0105 zapraszamy m\u0142odzie\u017c z klas \u00f3smych na przygotowanie do bierzmowania.<br>Serdecznie zapraszamy cz\u0142onk\u00f3w rady parafialnej na spotkanie z grup\u0105 synodaln\u0105 na 23.10 (czwartek) po wieczornej mszy \u015bw. w sprawie organizacji listopadowego czuwania.<\/p>\n","protected":false},"excerpt":{"rendered":"<p>Msze \u015bwi\u0119te: w niedziele o g. 7, 9, 10.30 dla dzieci, 12 i 18, w dni powszednie o 7 i 18.Dzi\u015b rozpoczyna si\u0119 tydzie\u0144 misyjny pod has\u0142em &#8220;Misjonarze nadziei&#8220;.Uko\u0144czyli\u015bmy prace nad ostatnim du\u017cym witra\u017cem przedstawiaj\u0105cym Jezusa ukrzy\u017cowanego. Krzy\u017c jest znakiem pojednania Boga z ludzko\u015bci\u0105. Wcze\u015bniejsze witra\u017ce pokazuj\u0105, jak B\u00f3g b\u0142ogos\u0142awi pierwszym ludziom, Adamowi i Ewie, &hellip; <a href=\"http:\/\/zalesie.archidiecezja.wroc.pl\/?p=1743\" class=\"more-link\">Continue reading <span class=\"screen-reader-text\">29. niedziela zwyk\u0142a,        19.10.2025 r.<\/span><\/a><\/p>\n","protected":false},"author":1,"featured_media":0,"comment_status":"closed","ping_status":"open","sticky":false,"template":"","format":"standard","meta":[],"categories":[1],"tags":[],"_links":{"self":[{"href":"http:\/\/zalesie.archidiecezja.wroc.pl\/index.php?rest_route=\/wp\/v2\/posts\/1743"}],"collection":[{"href":"http:\/\/zalesie.archidiecezja.wroc.pl\/index.php?rest_route=\/wp\/v2\/posts"}],"about":[{"href":"http:\/\/zalesie.archidiecezja.wroc.pl\/index.php?rest_route=\/wp\/v2\/types\/post"}],"author":[{"embeddable":true,"href":"http:\/\/zalesie.archidiecezja.wroc.pl\/index.php?rest_route=\/wp\/v2\/users\/1"}],"replies":[{"embeddable":true,"href":"http:\/\/zalesie.archidiecezja.wroc.pl\/index.php?rest_route=%2Fwp%2Fv2%2Fcomments&post=1743"}],"version-history":[{"count":1,"href":"http:\/\/zalesie.archidiecezja.wroc.pl\/index.php?rest_route=\/wp\/v2\/posts\/1743\/revisions"}],"predecessor-version":[{"id":1744,"href":"http:\/\/zalesie.archidiecezja.wroc.pl\/index.php?rest_route=\/wp\/v2\/posts\/1743\/revisions\/1744"}],"wp:attachment":[{"href":"http:\/\/zalesie.archidiecezja.wroc.pl\/index.php?rest_route=%2Fwp%2Fv2%2Fmedia&parent=1743"}],"wp:term":[{"taxonomy":"category","embeddable":true,"href":"http:\/\/zalesie.archidiecezja.wroc.pl\/index.php?rest_route=%2Fwp%2Fv2%2Fcategories&post=1743"},{"taxonomy":"post_tag","embeddable":true,"href":"http:\/\/zalesie.archidiecezja.wroc.pl\/index.php?rest_route=%2Fwp%2Fv2%2Ftags&post=1743"}],"curies":[{"name":"wp","href":"https:\/\/api.w.org\/{rel}","templated":true}]}}