{"id":1740,"date":"2025-10-12T01:03:31","date_gmt":"2025-10-11T23:03:31","guid":{"rendered":"http:\/\/zalesie.archidiecezja.wroc.pl\/?p=1740"},"modified":"2025-10-12T01:10:35","modified_gmt":"2025-10-11T23:10:35","slug":"28-niedziela-zwykla-12-10-2-25-r","status":"publish","type":"post","link":"http:\/\/zalesie.archidiecezja.wroc.pl\/?p=1740","title":{"rendered":"28. niedziela zwyk\u0142a, 12.10.2025 r."},"content":{"rendered":"\n<pre class=\"wp-block-code\"><code>                          <\/code><\/pre>\n\n\n\n<p>Msze \u015bwi\u0119te: w niedziele o g. 7, 9, 10.30 dla dzieci, 12 i 18, w dni powszednie o 7 i 18.<br><\/p>\n\n\n\n<p>Przyby\u0142 nam ostatni du\u017cy witra\u017c przedstawiaj\u0105cy Jezusa ukrzy\u017cowanego.                     <strong>Krzy\u017c jest znakiem pojednania Boga z ludzko\u015bci\u0105<\/strong>. Wcze\u015bniejsze witra\u017ce pokazuj\u0105, jak B\u00f3g b\u0142ogos\u0142awi Adamowi i Ewie, zawiera przymierze z Noem, odnawia je             w szczeg\u00f3lny spos\u00f3b z Abrahamem, wreszcie obdarza ludzi Dekalogiem, przekazanym przez Moj\u017cesza. Za czas\u00f3w ks. Miros\u0142awa Drzewieckiego wykonano witra\u017ce przedstawiaj\u0105ce symbole Ewangelist\u00f3w i -w prezbiterium- Jana Paw\u0142a II.                   <strong>Serdecznie dzi\u0119kujemy fundatorom!<\/strong><br>                                                Kalendarz liturgiczny:<br>13.10, poniedzia\u0142ek, wsp. obow. b\u0142. Honorata Ko\u017ami\u0144skiego, kap\u0142ana;                                15.10, \u015broda, wsp. ob. \u015bw. Teresy od Jezusa, dziewicy i doktora Ko\u015bcio\u0142a;                              16.10, czwartek, uroczysto\u015b\u0107, \u015bw. Jadwigi \u015al\u0105skiej, g\u0142\u00f3wnej patronki \u015al\u0105ska                              i Archidiecezji Wroc\u0142awskiej;                                                                                                        17.10, pi\u0105tek, \u015bw. Ignacego Antioche\u0144skiego, biskupa i m\u0119czennika;                                                18.10, sobota, \u015bwi\u0119to \u015bw. \u0141ukasza, ewangelisty.<br>W pa\u017adzierniku zapraszamy na nabo\u017ce\u0144stwo r\u00f3\u017ca\u0144cowe, ok.18.30..<br>Biuro parafialne czynne w \u015brody i pi\u0105tki od 16 do 17.30.<br>S\u0105 gazety \u201cNiedziela&#8221;, \u201cNowe \u017bycie\u201d i &#8220;Trwajcie w mi\u0142o\u015bci&#8221;.<br><\/p>\n\n\n\n<p>W sobot\u0119, 18.10, wyruszy pielgrzymk\u0119 do grobu \u015bw. Jadwigi                                                  pod has\u0142em <strong>Nadzieja pojednania<\/strong>, w 60-t\u0105 rocznic\u0119 listu biskup\u00f3w polskich do niemieckich. Ks. \u0141ukasz zaprasza do grupy 12. Wyj\u015bcie z katedry o 6.<br>Serdecznie zapraszamy cz\u0142onk\u00f3w rady parafialnej na spotkanie z grup\u0105 synodaln\u0105 na 23.10 po wieczornej mszy \u015bw. w sprawie organizacji listopadowego czuwania.<\/p>\n","protected":false},"excerpt":{"rendered":"<p>Msze \u015bwi\u0119te: w niedziele o g. 7, 9, 10.30 dla dzieci, 12 i 18, w dni powszednie o 7 i 18. Przyby\u0142 nam ostatni du\u017cy witra\u017c przedstawiaj\u0105cy Jezusa ukrzy\u017cowanego. Krzy\u017c jest znakiem pojednania Boga z ludzko\u015bci\u0105. Wcze\u015bniejsze witra\u017ce pokazuj\u0105, jak B\u00f3g b\u0142ogos\u0142awi Adamowi i Ewie, zawiera przymierze z Noem, odnawia je w szczeg\u00f3lny spos\u00f3b z &hellip; <a href=\"http:\/\/zalesie.archidiecezja.wroc.pl\/?p=1740\" class=\"more-link\">Continue reading <span class=\"screen-reader-text\">28. niedziela zwyk\u0142a, 12.10.2025 r.<\/span><\/a><\/p>\n","protected":false},"author":1,"featured_media":0,"comment_status":"closed","ping_status":"open","sticky":false,"template":"","format":"standard","meta":[],"categories":[1],"tags":[],"_links":{"self":[{"href":"http:\/\/zalesie.archidiecezja.wroc.pl\/index.php?rest_route=\/wp\/v2\/posts\/1740"}],"collection":[{"href":"http:\/\/zalesie.archidiecezja.wroc.pl\/index.php?rest_route=\/wp\/v2\/posts"}],"about":[{"href":"http:\/\/zalesie.archidiecezja.wroc.pl\/index.php?rest_route=\/wp\/v2\/types\/post"}],"author":[{"embeddable":true,"href":"http:\/\/zalesie.archidiecezja.wroc.pl\/index.php?rest_route=\/wp\/v2\/users\/1"}],"replies":[{"embeddable":true,"href":"http:\/\/zalesie.archidiecezja.wroc.pl\/index.php?rest_route=%2Fwp%2Fv2%2Fcomments&post=1740"}],"version-history":[{"count":2,"href":"http:\/\/zalesie.archidiecezja.wroc.pl\/index.php?rest_route=\/wp\/v2\/posts\/1740\/revisions"}],"predecessor-version":[{"id":1742,"href":"http:\/\/zalesie.archidiecezja.wroc.pl\/index.php?rest_route=\/wp\/v2\/posts\/1740\/revisions\/1742"}],"wp:attachment":[{"href":"http:\/\/zalesie.archidiecezja.wroc.pl\/index.php?rest_route=%2Fwp%2Fv2%2Fmedia&parent=1740"}],"wp:term":[{"taxonomy":"category","embeddable":true,"href":"http:\/\/zalesie.archidiecezja.wroc.pl\/index.php?rest_route=%2Fwp%2Fv2%2Fcategories&post=1740"},{"taxonomy":"post_tag","embeddable":true,"href":"http:\/\/zalesie.archidiecezja.wroc.pl\/index.php?rest_route=%2Fwp%2Fv2%2Ftags&post=1740"}],"curies":[{"name":"wp","href":"https:\/\/api.w.org\/{rel}","templated":true}]}}