{"id":1734,"date":"2025-10-04T22:30:52","date_gmt":"2025-10-04T20:30:52","guid":{"rendered":"http:\/\/zalesie.archidiecezja.wroc.pl\/?p=1734"},"modified":"2025-10-05T06:49:11","modified_gmt":"2025-10-05T04:49:11","slug":"27-niedziela-zwykla-5-10-2025-r","status":"publish","type":"post","link":"http:\/\/zalesie.archidiecezja.wroc.pl\/?p=1734","title":{"rendered":"27. niedziela zwyk\u0142a, 5.10.2025 r."},"content":{"rendered":"\n<pre class=\"wp-block-code\"><code>                                 27. niedziela zwyk\u0142a                                     5.10.2025 r.<\/code><\/pre>\n\n\n\n<p>Msze \u015bwi\u0119te: w niedziele o g. 7, 9, 10.30 dla dzieci, 12 i 18, w dni powszednie o 7 i 18.<br>Dzi\u015b pierwsza niedziela miesi\u0105ca: po mszy \u015bw. po\u0142udniowej adoracja Naj\u015bw. Sakramentu. Zako\u0144czenie adoracji koronk\u0105 do Mi\u0142osierdzia Bo\u017cego o g. 15.<br>Prowadzona przez ksi\u0119dza \u0141ukasza <strong>grupa hiszpa\u0144skoj\u0119zyczna<\/strong> <strong>zebra\u0142a<\/strong> w zesz\u0142ym tygodniu <strong>4.200 PLN<\/strong> na remont salki. Dzi\u0119kujemy za ofiarno\u015b\u0107!<br><strong>Dzisiaj studenci z Fundacji Dzie\u0142a Nowego Tysi\u0105clecia zapraszaj\u0105 na miasteczko rodzinne<\/strong> po mszach \u015bw. o g. 10.30 i 12. Po mszach \u015bwi\u0119tych zbieraj\u0105 oni pieni\u0105dze na stypendia dla m\u0142odzie\u017cy zdolnej i niezamo\u017cnej, przewa\u017cnie z ma\u0142ych miejscowo\u015bci.<br>Kalendarz liturgiczny:<br>7.10, wtorek, wsp. obowi\u0105zkowe. Naj\u015bw. Maryi Panny R\u00f3\u017ca\u0144cowej.                                             We wtorek, 7.10 zapraszamy na godzin\u0119 19 m\u0142odzie\u017c, kt\u00f3ra przygotowuje si\u0119             do przyj\u0119cia sakrament bierzmowania.<br><\/p>\n\n\n\n<p>W pa\u017adzierniku zapraszamy na nabo\u017ce\u0144stwo r\u00f3\u017ca\u0144cowe, ok.18.30..<br>Biuro parafialne czynne w \u015brody i pi\u0105tki od 16 do 17.30.<br>S\u0105 gazety \u201cNiedziela&#8221;, \u201cNowe \u017bycie\u201d i &#8220;Misyjne drogi&#8221;.<br>W przysz\u0142\u0105 sobot\u0119, <strong>11.10, zapraszamy ministrant\u00f3w i inne dzieci na gr\u0119 terenow\u0105<\/strong> w okolicy naszego ko\u015bcio\u0142a -tematyka zwi\u0105zana jest z modlitw\u0105 r\u00f3\u017ca\u0144cow\u0105. Zaczynamy modlitw\u0105 w ko\u015bciele o 10; czas gry: ok. 2 godziny.<\/p>\n","protected":false},"excerpt":{"rendered":"<p>Msze \u015bwi\u0119te: w niedziele o g. 7, 9, 10.30 dla dzieci, 12 i 18, w dni powszednie o 7 i 18.Dzi\u015b pierwsza niedziela miesi\u0105ca: po mszy \u015bw. po\u0142udniowej adoracja Naj\u015bw. Sakramentu. Zako\u0144czenie adoracji koronk\u0105 do Mi\u0142osierdzia Bo\u017cego o g. 15.Prowadzona przez ksi\u0119dza \u0141ukasza grupa hiszpa\u0144skoj\u0119zyczna zebra\u0142a w zesz\u0142ym tygodniu 4.200 PLN na remont salki. Dzi\u0119kujemy &hellip; <a href=\"http:\/\/zalesie.archidiecezja.wroc.pl\/?p=1734\" class=\"more-link\">Continue reading <span class=\"screen-reader-text\">27. niedziela zwyk\u0142a, 5.10.2025 r.<\/span><\/a><\/p>\n","protected":false},"author":1,"featured_media":0,"comment_status":"closed","ping_status":"open","sticky":false,"template":"","format":"standard","meta":[],"categories":[1],"tags":[],"_links":{"self":[{"href":"http:\/\/zalesie.archidiecezja.wroc.pl\/index.php?rest_route=\/wp\/v2\/posts\/1734"}],"collection":[{"href":"http:\/\/zalesie.archidiecezja.wroc.pl\/index.php?rest_route=\/wp\/v2\/posts"}],"about":[{"href":"http:\/\/zalesie.archidiecezja.wroc.pl\/index.php?rest_route=\/wp\/v2\/types\/post"}],"author":[{"embeddable":true,"href":"http:\/\/zalesie.archidiecezja.wroc.pl\/index.php?rest_route=\/wp\/v2\/users\/1"}],"replies":[{"embeddable":true,"href":"http:\/\/zalesie.archidiecezja.wroc.pl\/index.php?rest_route=%2Fwp%2Fv2%2Fcomments&post=1734"}],"version-history":[{"count":2,"href":"http:\/\/zalesie.archidiecezja.wroc.pl\/index.php?rest_route=\/wp\/v2\/posts\/1734\/revisions"}],"predecessor-version":[{"id":1736,"href":"http:\/\/zalesie.archidiecezja.wroc.pl\/index.php?rest_route=\/wp\/v2\/posts\/1734\/revisions\/1736"}],"wp:attachment":[{"href":"http:\/\/zalesie.archidiecezja.wroc.pl\/index.php?rest_route=%2Fwp%2Fv2%2Fmedia&parent=1734"}],"wp:term":[{"taxonomy":"category","embeddable":true,"href":"http:\/\/zalesie.archidiecezja.wroc.pl\/index.php?rest_route=%2Fwp%2Fv2%2Fcategories&post=1734"},{"taxonomy":"post_tag","embeddable":true,"href":"http:\/\/zalesie.archidiecezja.wroc.pl\/index.php?rest_route=%2Fwp%2Fv2%2Ftags&post=1734"}],"curies":[{"name":"wp","href":"https:\/\/api.w.org\/{rel}","templated":true}]}}