{"id":1728,"date":"2025-09-27T12:10:58","date_gmt":"2025-09-27T10:10:58","guid":{"rendered":"http:\/\/zalesie.archidiecezja.wroc.pl\/?p=1728"},"modified":"2025-09-30T09:46:22","modified_gmt":"2025-09-30T07:46:22","slug":"26-niedziela-zwykla-28-9-2025-r","status":"publish","type":"post","link":"http:\/\/zalesie.archidiecezja.wroc.pl\/?p=1728","title":{"rendered":"26. niedziela zwyk\u0142a, 28.9.2025 r."},"content":{"rendered":"\n<pre class=\"wp-block-code\"><code>                            <\/code><\/pre>\n\n\n\n<p>Msze \u015bwi\u0119te: w niedziele o g. 7, 9, 10.30 dla dzieci, 12 i 18, w dni powszednie o 7 i 18.<br>Dzisiaj po mszach \u015bwi\u0119tych prowadzona przez ksi\u0119dza \u0141ukasza grupa hiszpa\u0144skoj\u0119zyczna zaprasza na pocz\u0119stunek i kaw\u0119. Mo\u017cna posmakowa\u0107 i kupi\u0107 (do wzi\u0119cia do domu) potrawy narodowe: hiszpa\u0144skie, argenty\u0144skie, kolumbijskie, meksyka\u0144skie i peruwia\u0144skie. Doch\u00f3d przeznaczony jest na remont mniejszej salki parafialnej.<br>Za tydzie\u0144, 5.10, studenci z Fundacji Dzie\u0142a Nowego Tysi\u0105clecia zapraszaj\u0105 na miasteczko rodzinne po mszach \u015bw. o g. 10.30 i 12.<br>                                           Kalendarz liturgiczny:                                                                            <strong>W pa\u017adzierniku zapraszamy na nabo\u017ce\u0144stwa r\u00f3\u017ca\u0144cowe<\/strong>                                                            <strong>po mszy \u015bw. wieczornej, ok. 18.30.<\/strong><br>29.9, poniedzia\u0142ek, \u015bwi\u0119to \u015bw. Archanio\u0142\u00f3w Micha\u0142a, Gabriela i Rafa\u0142a;                      30.9, wtorek, wsp. ob. \u015bw. Hieronima, kap\u0142ana i doktora Ko\u015bcio\u0142a;                                 1.10, \u015broda, wsp. ob. \u015bw. Teresy od Dzieci\u0105tka Jezus, dziewicy i doktora Ko\u015bcio\u0142a;          2.10, czwartek, wsp. ob. \u015bwi\u0119tych Anio\u0142\u00f3w Str\u00f3\u017c\u00f3w;                                                                   4.10, sobota, wspomnienie obowi\u0105zkowe \u015bw. Franciszka z Asy\u017cu.<br>W pierwszy czwartek (2.10) modlimy si\u0119 o liczne i dobre powo\u0142ania kap\u0142a\u0144skie i zakonne.<br>W pierwszy pi\u0105tek (3.10) spowied\u017a od g. 17.30, a po mszy \u015bw. wieczornej litania do Naj\u015bw. Serca Pana Jezusa.<br>W pierwsz\u0105 sobot\u0119 miesi\u0105ca (4.10) odwiedzamy z Naj\u015bw. Sakramentem od g. 9 osoby starsze i chore. Wieczorem zmiana tajemnic \u017cywego r\u00f3\u017ca\u0144ca. Biuro parafialne czynne w \u015brody i pi\u0105tki od 16 do 17.30.<br>S\u0105 gazety \u201cNiedziela&#8221;, &#8220;Trwajcie w mi\u0142o\u015bci&#8221;, \u201cNowe \u017bycie\u201d i &#8220;Misyjne drogi&#8221;.<\/p>\n","protected":false},"excerpt":{"rendered":"<p>Msze \u015bwi\u0119te: w niedziele o g. 7, 9, 10.30 dla dzieci, 12 i 18, w dni powszednie o 7 i 18.Dzisiaj po mszach \u015bwi\u0119tych prowadzona przez ksi\u0119dza \u0141ukasza grupa hiszpa\u0144skoj\u0119zyczna zaprasza na pocz\u0119stunek i kaw\u0119. Mo\u017cna posmakowa\u0107 i kupi\u0107 (do wzi\u0119cia do domu) potrawy narodowe: hiszpa\u0144skie, argenty\u0144skie, kolumbijskie, meksyka\u0144skie i peruwia\u0144skie. Doch\u00f3d przeznaczony jest na &hellip; <a href=\"http:\/\/zalesie.archidiecezja.wroc.pl\/?p=1728\" class=\"more-link\">Continue reading <span class=\"screen-reader-text\">26. niedziela zwyk\u0142a, 28.9.2025 r.<\/span><\/a><\/p>\n","protected":false},"author":1,"featured_media":0,"comment_status":"closed","ping_status":"open","sticky":false,"template":"","format":"standard","meta":[],"categories":[1],"tags":[],"_links":{"self":[{"href":"http:\/\/zalesie.archidiecezja.wroc.pl\/index.php?rest_route=\/wp\/v2\/posts\/1728"}],"collection":[{"href":"http:\/\/zalesie.archidiecezja.wroc.pl\/index.php?rest_route=\/wp\/v2\/posts"}],"about":[{"href":"http:\/\/zalesie.archidiecezja.wroc.pl\/index.php?rest_route=\/wp\/v2\/types\/post"}],"author":[{"embeddable":true,"href":"http:\/\/zalesie.archidiecezja.wroc.pl\/index.php?rest_route=\/wp\/v2\/users\/1"}],"replies":[{"embeddable":true,"href":"http:\/\/zalesie.archidiecezja.wroc.pl\/index.php?rest_route=%2Fwp%2Fv2%2Fcomments&post=1728"}],"version-history":[{"count":2,"href":"http:\/\/zalesie.archidiecezja.wroc.pl\/index.php?rest_route=\/wp\/v2\/posts\/1728\/revisions"}],"predecessor-version":[{"id":1731,"href":"http:\/\/zalesie.archidiecezja.wroc.pl\/index.php?rest_route=\/wp\/v2\/posts\/1728\/revisions\/1731"}],"wp:attachment":[{"href":"http:\/\/zalesie.archidiecezja.wroc.pl\/index.php?rest_route=%2Fwp%2Fv2%2Fmedia&parent=1728"}],"wp:term":[{"taxonomy":"category","embeddable":true,"href":"http:\/\/zalesie.archidiecezja.wroc.pl\/index.php?rest_route=%2Fwp%2Fv2%2Fcategories&post=1728"},{"taxonomy":"post_tag","embeddable":true,"href":"http:\/\/zalesie.archidiecezja.wroc.pl\/index.php?rest_route=%2Fwp%2Fv2%2Ftags&post=1728"}],"curies":[{"name":"wp","href":"https:\/\/api.w.org\/{rel}","templated":true}]}}