{"id":1726,"date":"2025-09-20T22:03:55","date_gmt":"2025-09-20T20:03:55","guid":{"rendered":"http:\/\/zalesie.archidiecezja.wroc.pl\/?p=1726"},"modified":"2025-09-20T22:03:55","modified_gmt":"2025-09-20T20:03:55","slug":"25-niedziela-zwykla-21-9-2025-r","status":"publish","type":"post","link":"http:\/\/zalesie.archidiecezja.wroc.pl\/?p=1726","title":{"rendered":"25. niedziela zwyk\u0142a, 21.9.2025 r."},"content":{"rendered":"\n<pre class=\"wp-block-code\"><code>                                 <\/code><\/pre>\n\n\n\n<p>Msze \u015bwi\u0119te: w niedziele o g. 7, 9, 10.30 dla dzieci, 12 i 18, w dni powszednie o 7 i 18.<br>Dzisiaj go\u015bcimy zesp\u00f3\u0142 Czeremszyna z Tarnopola. Zesp\u00f3\u0142 ten \u015bpiewa\u0142 ju\u017c u nas kilka lat temu. R\u00f3wnie\u017c teraz chce on wesprze\u0107 potrzebuj\u0105cych pomocy w kraju ogarni\u0119tym wojn\u0105. Opr\u00f3cz ofiar pieni\u0119\u017cnych mo\u017cna przynosi\u0107 ubrania, zabawki i jedzenie dla dzieci z dom\u00f3w dziecka.<br>W przysz\u0142\u0105 niedziel\u0119 po mszach \u015bwi\u0119tych prowadzona przez ksi\u0119dza \u0141ukasza grupa hiszpa\u0144skoj\u0119zyczna, spotykaj\u0105ca si\u0119 od dw\u00f3ch lat w naszym ko\u015bciele, b\u0119dzie sprzedawa\u0142a przygotowane przez siebie lokalne potrawy latynoskie i hiszpa\u0144skie. W ten spos\u00f3b chcemy zebra\u0107 \u015brodki na remont mniejszej salki parafialnej.<br><\/p>\n\n\n\n<p>                                                 Kalendarz liturgiczny:<br>We wtorek, 23.9, o g. 19 odb\u0119dzie si\u0119 w salce katechetycznej pierwsze spotkanie                 dla os\u00f3b z klas \u00f3smych przygotowuj\u0105cych si\u0119 do sakramentu bierzmowania.<br>25.9, sobota, wspomnienie obow. \u015bw. Wincentego a Paulo, kap\u0142ana.<\/p>\n\n\n\n<p>Biuro parafialne czynne w \u015brody i pi\u0105tki od 16 do 17.30.<br>S\u0105 gazety \u201cNiedziela&#8221;, &#8220;Trwajcie w mi\u0142o\u015bci&#8221;, \u201cNowe \u017bycie\u201d i &#8220;Misyjne drogi&#8221;.<\/p>\n","protected":false},"excerpt":{"rendered":"<p>Msze \u015bwi\u0119te: w niedziele o g. 7, 9, 10.30 dla dzieci, 12 i 18, w dni powszednie o 7 i 18.Dzisiaj go\u015bcimy zesp\u00f3\u0142 Czeremszyna z Tarnopola. Zesp\u00f3\u0142 ten \u015bpiewa\u0142 ju\u017c u nas kilka lat temu. R\u00f3wnie\u017c teraz chce on wesprze\u0107 potrzebuj\u0105cych pomocy w kraju ogarni\u0119tym wojn\u0105. Opr\u00f3cz ofiar pieni\u0119\u017cnych mo\u017cna przynosi\u0107 ubrania, zabawki i jedzenie &hellip; <a href=\"http:\/\/zalesie.archidiecezja.wroc.pl\/?p=1726\" class=\"more-link\">Continue reading <span class=\"screen-reader-text\">25. niedziela zwyk\u0142a, 21.9.2025 r.<\/span><\/a><\/p>\n","protected":false},"author":1,"featured_media":0,"comment_status":"closed","ping_status":"open","sticky":false,"template":"","format":"standard","meta":[],"categories":[1],"tags":[],"_links":{"self":[{"href":"http:\/\/zalesie.archidiecezja.wroc.pl\/index.php?rest_route=\/wp\/v2\/posts\/1726"}],"collection":[{"href":"http:\/\/zalesie.archidiecezja.wroc.pl\/index.php?rest_route=\/wp\/v2\/posts"}],"about":[{"href":"http:\/\/zalesie.archidiecezja.wroc.pl\/index.php?rest_route=\/wp\/v2\/types\/post"}],"author":[{"embeddable":true,"href":"http:\/\/zalesie.archidiecezja.wroc.pl\/index.php?rest_route=\/wp\/v2\/users\/1"}],"replies":[{"embeddable":true,"href":"http:\/\/zalesie.archidiecezja.wroc.pl\/index.php?rest_route=%2Fwp%2Fv2%2Fcomments&post=1726"}],"version-history":[{"count":1,"href":"http:\/\/zalesie.archidiecezja.wroc.pl\/index.php?rest_route=\/wp\/v2\/posts\/1726\/revisions"}],"predecessor-version":[{"id":1727,"href":"http:\/\/zalesie.archidiecezja.wroc.pl\/index.php?rest_route=\/wp\/v2\/posts\/1726\/revisions\/1727"}],"wp:attachment":[{"href":"http:\/\/zalesie.archidiecezja.wroc.pl\/index.php?rest_route=%2Fwp%2Fv2%2Fmedia&parent=1726"}],"wp:term":[{"taxonomy":"category","embeddable":true,"href":"http:\/\/zalesie.archidiecezja.wroc.pl\/index.php?rest_route=%2Fwp%2Fv2%2Fcategories&post=1726"},{"taxonomy":"post_tag","embeddable":true,"href":"http:\/\/zalesie.archidiecezja.wroc.pl\/index.php?rest_route=%2Fwp%2Fv2%2Ftags&post=1726"}],"curies":[{"name":"wp","href":"https:\/\/api.w.org\/{rel}","templated":true}]}}