{"id":1692,"date":"2025-08-02T23:03:12","date_gmt":"2025-08-02T21:03:12","guid":{"rendered":"http:\/\/zalesie.archidiecezja.wroc.pl\/?p=1692"},"modified":"2025-08-02T23:03:12","modified_gmt":"2025-08-02T21:03:12","slug":"18-niedziela-zwykla-3-8-2025-r","status":"publish","type":"post","link":"http:\/\/zalesie.archidiecezja.wroc.pl\/?p=1692","title":{"rendered":"18. niedziela zwyk\u0142a, 3.8.2025 r."},"content":{"rendered":"\n<pre class=\"wp-block-code\"><code>                                              <\/code><\/pre>\n\n\n\n<p><strong>Msze \u015bwi\u0119te w sierpniu: w niedziele o g. 7, 9, 12 i 18<\/strong>, <strong>w dni powszednie o g. 18<\/strong>.<br>Dzisiaj pierwsza niedziela miesi\u0105ca.                                                                                               Po mszy \u015bw. o g. 12 &#8211; adoracja Naj\u015bw. Sakramentu.                                                       Ko\u0144czymy j\u0105 o g. 15 koronk\u0105 do Mi\u0142osierdzia Bo\u017cego.<\/p>\n\n\n\n<pre class=\"wp-block-code\"><code>                                                               Kalendarz liturgiczny:                                                         <\/code><\/pre>\n\n\n\n<p>4.8, poniedzia\u0142ek, wsp. obow. \u015bw Jana Vianneya, kap\u0142ana;<br>6.8, \u015broda, \u015bwi\u0119to Przemienienia Pa\u0144skiego;<br>8.8, pi\u0105tek, wsp. obow. \u015bw. Dominika, kap\u0142ana;<br>9.8, sobota, \u015bwi\u0119to \u015bw. Teresy Benedykty od Krzy\u017ca, dziewicy i m\u0119czennicy, patronki Europy.<\/p>\n\n\n\n<p>Dzisiaj wyruszy\u0142a z Wroc\u0142awia 45. Piesza Pielgrzymka na Jasn\u0105 G\u00f3r\u0119. Jak co roku mo\u017cna naby\u0107 pakiety dla duchowych uczestnik\u00f3w pielgrzymki. Cena przewodnika i odznaki wynosi 15 z\u0142otych, ale mo\u017cna te\u017c pobra\u0107 pakiet bezp\u0142atnie.<\/p>\n\n\n\n<p>Biuro parafialne czynne w \u015brody i pi\u0105tki po mszy \u015bw. wieczornej, ok. g. 19.<br>S\u0105 gazety \u201cNiedziela&#8221;, &#8220;Trwajcie w mi\u0142o\u015bci&#8221;, \u201cNowe \u017bycie\u201d i &#8220;Misyjne drogi&#8221;.<\/p>\n","protected":false},"excerpt":{"rendered":"<p>Msze \u015bwi\u0119te w sierpniu: w niedziele o g. 7, 9, 12 i 18, w dni powszednie o g. 18.Dzisiaj pierwsza niedziela miesi\u0105ca. Po mszy \u015bw. o g. 12 &#8211; adoracja Naj\u015bw. Sakramentu. Ko\u0144czymy j\u0105 o g. 15 koronk\u0105 do Mi\u0142osierdzia Bo\u017cego. 4.8, poniedzia\u0142ek, wsp. obow. \u015bw Jana Vianneya, kap\u0142ana;6.8, \u015broda, \u015bwi\u0119to Przemienienia Pa\u0144skiego;8.8, pi\u0105tek, wsp. &hellip; <a href=\"http:\/\/zalesie.archidiecezja.wroc.pl\/?p=1692\" class=\"more-link\">Continue reading <span class=\"screen-reader-text\">18. niedziela zwyk\u0142a, 3.8.2025 r.<\/span><\/a><\/p>\n","protected":false},"author":1,"featured_media":0,"comment_status":"closed","ping_status":"open","sticky":false,"template":"","format":"standard","meta":[],"categories":[1],"tags":[],"_links":{"self":[{"href":"http:\/\/zalesie.archidiecezja.wroc.pl\/index.php?rest_route=\/wp\/v2\/posts\/1692"}],"collection":[{"href":"http:\/\/zalesie.archidiecezja.wroc.pl\/index.php?rest_route=\/wp\/v2\/posts"}],"about":[{"href":"http:\/\/zalesie.archidiecezja.wroc.pl\/index.php?rest_route=\/wp\/v2\/types\/post"}],"author":[{"embeddable":true,"href":"http:\/\/zalesie.archidiecezja.wroc.pl\/index.php?rest_route=\/wp\/v2\/users\/1"}],"replies":[{"embeddable":true,"href":"http:\/\/zalesie.archidiecezja.wroc.pl\/index.php?rest_route=%2Fwp%2Fv2%2Fcomments&post=1692"}],"version-history":[{"count":1,"href":"http:\/\/zalesie.archidiecezja.wroc.pl\/index.php?rest_route=\/wp\/v2\/posts\/1692\/revisions"}],"predecessor-version":[{"id":1693,"href":"http:\/\/zalesie.archidiecezja.wroc.pl\/index.php?rest_route=\/wp\/v2\/posts\/1692\/revisions\/1693"}],"wp:attachment":[{"href":"http:\/\/zalesie.archidiecezja.wroc.pl\/index.php?rest_route=%2Fwp%2Fv2%2Fmedia&parent=1692"}],"wp:term":[{"taxonomy":"category","embeddable":true,"href":"http:\/\/zalesie.archidiecezja.wroc.pl\/index.php?rest_route=%2Fwp%2Fv2%2Fcategories&post=1692"},{"taxonomy":"post_tag","embeddable":true,"href":"http:\/\/zalesie.archidiecezja.wroc.pl\/index.php?rest_route=%2Fwp%2Fv2%2Ftags&post=1692"}],"curies":[{"name":"wp","href":"https:\/\/api.w.org\/{rel}","templated":true}]}}