{"id":1688,"date":"2025-06-28T13:39:03","date_gmt":"2025-06-28T11:39:03","guid":{"rendered":"http:\/\/zalesie.archidiecezja.wroc.pl\/?p=1688"},"modified":"2025-06-28T13:39:03","modified_gmt":"2025-06-28T11:39:03","slug":"uroczystosc-swietych-apostolow-piotra-i-pawla-29-6-2025-r","status":"publish","type":"post","link":"http:\/\/zalesie.archidiecezja.wroc.pl\/?p=1688","title":{"rendered":"Uroczysto\u015b\u0107 \u015bwi\u0119tych Aposto\u0142\u00f3w Piotra i Paw\u0142a           29.6.2025 r."},"content":{"rendered":"\n<p><strong><br>W lipcu i sierpniu w dni powszednie msza \u015bwi\u0119ta o g. 18<\/strong>. Nie ma mszy \u015bw. o 7. <strong>Spowied\u017a codziennie o 17.30, przed msz\u0105 \u015bwi\u0119t\u0105<\/strong>.                                                           <strong>W niedziele msze \u015bw. o g. 7, 9, 12 i 18<\/strong>. Nie ma mszy \u015bw. o 10.30.                                          Biuro parafialne czynne po mszy \u015bw. wieczornej w \u015brody i pi\u0105tki.<br><\/p>\n\n\n\n<p>Dzisiaj harcerki z 6. dru\u017cyny wroc\u0142awskiej ze Stowarzyszenia Harcerskiego &#8220;Zawisza&#8221; Federacji Skautingu Europejskiego po mszach \u015bw. do po\u0142udnia b\u0119d\u0105 sprzedawa\u0142y domowe wypieki. Zebrane pieni\u0105dze zostan\u0105 przeznaczone na zakup sprz\u0119tu potrzebnego na ob\u00f3z letni.<br><\/p>\n\n\n\n<p>                                                                Kalendarz liturgiczny:<br>30.6, poniedzia\u0142ek, wsp. ob. \u015bwi\u0119tych pierwszych m\u0119czennik\u00f3w Ko\u015bcio\u0142a Rzymskiego;<br>3.7, czwartek, \u015bwi\u0119to \u015bw. Tomasza, aposto\u0142a;<br>W pierwszy czwartek (3.7) miesi\u0105ca modlimy si\u0119 o dobre i liczne powo\u0142ania kap\u0142a\u0144skie i zakonne.<br>W pierwszy pi\u0105tek (4.7) spowied\u017a od godziny 17.30. Po mszy \u015bw. \u2013 nabo\u017ce\u0144stwo do Naj\u015bw. Serca Pana Jezusa.<br>W pierwsz\u0105 sobot\u0119 miesi\u0105ca (5.7) odwiedziny chorych z Naj\u015bw. Sakramentem od g. 9-tej. Po mszy \u015bw. zmiana tajemnic \u017cywego r\u00f3\u017ca\u0144ca i nabo\u017ce\u0144stwo wynagradzaj\u0105ce Niepokalanemu Sercu Naj\u015bw. Maryi Panny.<br><\/p>\n\n\n\n<p>Na stronie internetowej pielgrzymka.pl mo\u017cna znale\u017a\u0107 formularz i zapisa\u0107 si\u0119                  na piesz\u0105 pielgrzymk\u0119 wroc\u0142awsk\u0105 na Jasn\u0105 G\u00f3r\u0119. Grup\u0119 12-t\u0105 poprowadzi ksi\u0105dz \u0141ukasz. Zapraszamy!<br>W czerwcu zapraszamy na nabo\u017ce\u0144stwo do Naj\u015bw. Serca Pana Jezusa po mszy \u015bw. wieczornej (ok. 18.30).<br>S\u0105 gazety \u201cNiedziela&#8221;, \u201cNowe \u017bycie\u201d i &#8220;Misyjne drogi&#8221;.<\/p>\n","protected":false},"excerpt":{"rendered":"<p>W lipcu i sierpniu w dni powszednie msza \u015bwi\u0119ta o g. 18. Nie ma mszy \u015bw. o 7. Spowied\u017a codziennie o 17.30, przed msz\u0105 \u015bwi\u0119t\u0105. W niedziele msze \u015bw. o g. 7, 9, 12 i 18. Nie ma mszy \u015bw. o 10.30. Biuro parafialne czynne po mszy \u015bw. wieczornej w \u015brody i pi\u0105tki. Dzisiaj harcerki &hellip; <a href=\"http:\/\/zalesie.archidiecezja.wroc.pl\/?p=1688\" class=\"more-link\">Continue reading <span class=\"screen-reader-text\">Uroczysto\u015b\u0107 \u015bwi\u0119tych Aposto\u0142\u00f3w Piotra i Paw\u0142a           29.6.2025 r.<\/span><\/a><\/p>\n","protected":false},"author":1,"featured_media":0,"comment_status":"closed","ping_status":"open","sticky":false,"template":"","format":"standard","meta":[],"categories":[1],"tags":[],"_links":{"self":[{"href":"http:\/\/zalesie.archidiecezja.wroc.pl\/index.php?rest_route=\/wp\/v2\/posts\/1688"}],"collection":[{"href":"http:\/\/zalesie.archidiecezja.wroc.pl\/index.php?rest_route=\/wp\/v2\/posts"}],"about":[{"href":"http:\/\/zalesie.archidiecezja.wroc.pl\/index.php?rest_route=\/wp\/v2\/types\/post"}],"author":[{"embeddable":true,"href":"http:\/\/zalesie.archidiecezja.wroc.pl\/index.php?rest_route=\/wp\/v2\/users\/1"}],"replies":[{"embeddable":true,"href":"http:\/\/zalesie.archidiecezja.wroc.pl\/index.php?rest_route=%2Fwp%2Fv2%2Fcomments&post=1688"}],"version-history":[{"count":1,"href":"http:\/\/zalesie.archidiecezja.wroc.pl\/index.php?rest_route=\/wp\/v2\/posts\/1688\/revisions"}],"predecessor-version":[{"id":1689,"href":"http:\/\/zalesie.archidiecezja.wroc.pl\/index.php?rest_route=\/wp\/v2\/posts\/1688\/revisions\/1689"}],"wp:attachment":[{"href":"http:\/\/zalesie.archidiecezja.wroc.pl\/index.php?rest_route=%2Fwp%2Fv2%2Fmedia&parent=1688"}],"wp:term":[{"taxonomy":"category","embeddable":true,"href":"http:\/\/zalesie.archidiecezja.wroc.pl\/index.php?rest_route=%2Fwp%2Fv2%2Fcategories&post=1688"},{"taxonomy":"post_tag","embeddable":true,"href":"http:\/\/zalesie.archidiecezja.wroc.pl\/index.php?rest_route=%2Fwp%2Fv2%2Ftags&post=1688"}],"curies":[{"name":"wp","href":"https:\/\/api.w.org\/{rel}","templated":true}]}}