{"id":1685,"date":"2025-06-21T19:20:59","date_gmt":"2025-06-21T17:20:59","guid":{"rendered":"http:\/\/zalesie.archidiecezja.wroc.pl\/?p=1685"},"modified":"2025-06-21T19:23:25","modified_gmt":"2025-06-21T17:23:25","slug":"12-niedziela-zwykla-22-6-2025-r","status":"publish","type":"post","link":"http:\/\/zalesie.archidiecezja.wroc.pl\/?p=1685","title":{"rendered":"12. niedziela zwyk\u0142a, 22.6.2025 r."},"content":{"rendered":"\n<pre class=\"wp-block-code\"><code>                                                <\/code><\/pre>\n\n\n\n<p>Dzi\u0119kujemy wszystkim uczestnikom procesji eucharystycznej z okazji uroczysto\u015bci Bo\u017cego Cia\u0142a, a szczeg\u00f3lnie osobom, kt\u00f3re zbudowa\u0142y o\u0142tarze, panu organi\u015bcie, panom nios\u0105cym baldachim, s\u0142u\u017cbie liturgicznej, osobom zaanga\u017cowanym w to,            aby procesja mia\u0142a charakter podnios\u0142y, a jednocze\u015bnie s\u0142u\u017cy\u0142a integracji naszej wsp\u00f3lnoty parafialnej.<br>Parafialny zesp\u00f3\u0142 synodalny zaprasza dzisiaj wszystkie grupy dzia\u0142aj\u0105ce w parafii           na msz\u0119 \u015bwi\u0119t\u0105 o g. 12 w intencji dzi\u0119kczynnej za to, co uda\u0142o nam si\u0119 wsp\u00f3lnie zrobi\u0107. Po mszy \u015bw. p\u00f3\u0142godzinna adoracja w ciszy.<br>Kalendarz liturgiczny:<br>24.6, wtorek, uroczysto\u015b\u0107 narodzenia \u015bw. Jana Chrzciciela;<br>27.6, pi\u0105tek, uroczysto\u015b\u0107 Naj\u015bwi\u0119tszego Serca Pana Jezusa.<br>W czerwcu zapraszamy na nabo\u017ce\u0144stwo do Naj\u015bw. Serca Pana Jezusa po mszy \u015bw. wieczornej (ok. 18.30).<br>W niedziel\u0119 29.6 harcerki z 6. dru\u017cyny wroc\u0142awskiej ze Stowarzyszenia Harcerskiego &#8220;Zawisza&#8221; Federacji Skautingu Europejskiego po mszach \u015bw. o g. 7, 9, 10.30 i 12 b\u0119d\u0105 sprzedawa\u0142y domowe wypieki. Zebrane pieni\u0105dze zostan\u0105 przeznaczone na zakup sprz\u0119tu potrzebnego na ob\u00f3z letni.<br>Biuro parafialne czynne w \u015brody i pi\u0105tki od 16 do 17.30.<br>S\u0105 gazety \u201cNiedziela&#8221;, &#8220;Trwajcie w mi\u0142o\u015bci&#8221;, \u201cNowe \u017bycie\u201d i &#8220;Misyjne drogi&#8221;.<\/p>\n","protected":false},"excerpt":{"rendered":"<p>Dzi\u0119kujemy wszystkim uczestnikom procesji eucharystycznej z okazji uroczysto\u015bci Bo\u017cego Cia\u0142a, a szczeg\u00f3lnie osobom, kt\u00f3re zbudowa\u0142y o\u0142tarze, panu organi\u015bcie, panom nios\u0105cym baldachim, s\u0142u\u017cbie liturgicznej, osobom zaanga\u017cowanym w to, aby procesja mia\u0142a charakter podnios\u0142y, a jednocze\u015bnie s\u0142u\u017cy\u0142a integracji naszej wsp\u00f3lnoty parafialnej.Parafialny zesp\u00f3\u0142 synodalny zaprasza dzisiaj wszystkie grupy dzia\u0142aj\u0105ce w parafii na msz\u0119 \u015bwi\u0119t\u0105 o g. 12 w &hellip; <a href=\"http:\/\/zalesie.archidiecezja.wroc.pl\/?p=1685\" class=\"more-link\">Continue reading <span class=\"screen-reader-text\">12. niedziela zwyk\u0142a, 22.6.2025 r.<\/span><\/a><\/p>\n","protected":false},"author":1,"featured_media":0,"comment_status":"closed","ping_status":"open","sticky":false,"template":"","format":"standard","meta":[],"categories":[1],"tags":[],"_links":{"self":[{"href":"http:\/\/zalesie.archidiecezja.wroc.pl\/index.php?rest_route=\/wp\/v2\/posts\/1685"}],"collection":[{"href":"http:\/\/zalesie.archidiecezja.wroc.pl\/index.php?rest_route=\/wp\/v2\/posts"}],"about":[{"href":"http:\/\/zalesie.archidiecezja.wroc.pl\/index.php?rest_route=\/wp\/v2\/types\/post"}],"author":[{"embeddable":true,"href":"http:\/\/zalesie.archidiecezja.wroc.pl\/index.php?rest_route=\/wp\/v2\/users\/1"}],"replies":[{"embeddable":true,"href":"http:\/\/zalesie.archidiecezja.wroc.pl\/index.php?rest_route=%2Fwp%2Fv2%2Fcomments&post=1685"}],"version-history":[{"count":2,"href":"http:\/\/zalesie.archidiecezja.wroc.pl\/index.php?rest_route=\/wp\/v2\/posts\/1685\/revisions"}],"predecessor-version":[{"id":1687,"href":"http:\/\/zalesie.archidiecezja.wroc.pl\/index.php?rest_route=\/wp\/v2\/posts\/1685\/revisions\/1687"}],"wp:attachment":[{"href":"http:\/\/zalesie.archidiecezja.wroc.pl\/index.php?rest_route=%2Fwp%2Fv2%2Fmedia&parent=1685"}],"wp:term":[{"taxonomy":"category","embeddable":true,"href":"http:\/\/zalesie.archidiecezja.wroc.pl\/index.php?rest_route=%2Fwp%2Fv2%2Fcategories&post=1685"},{"taxonomy":"post_tag","embeddable":true,"href":"http:\/\/zalesie.archidiecezja.wroc.pl\/index.php?rest_route=%2Fwp%2Fv2%2Ftags&post=1685"}],"curies":[{"name":"wp","href":"https:\/\/api.w.org\/{rel}","templated":true}]}}