{"id":1682,"date":"2025-06-14T13:44:26","date_gmt":"2025-06-14T11:44:26","guid":{"rendered":"http:\/\/zalesie.archidiecezja.wroc.pl\/?p=1682"},"modified":"2025-06-14T13:44:26","modified_gmt":"2025-06-14T11:44:26","slug":"uroczystosc-najswietszej-trojcy-15-6-2025-r","status":"publish","type":"post","link":"http:\/\/zalesie.archidiecezja.wroc.pl\/?p=1682","title":{"rendered":"Uroczysto\u015b\u0107 Naj\u015bwi\u0119tszej Tr\u00f3jcy, 15.6.2025 r,"},"content":{"rendered":"\n<pre class=\"wp-block-code\"><code>                              <\/code><\/pre>\n\n\n\n<p><strong>19.6, czwartek, Uroczysto\u015b\u0107 Naj\u015bwi\u0119tszego Cia\u0142a i Krwi Chrystusa.<\/strong><br>Od dw\u00f3ch lat procesja Bo\u017cego Cia\u0142a wyrusza z naszego ko\u015bcio\u0142a p\u00f3\u017aniej ni\u017c w latach wcze\u015bniejszych. Centralna procesja wyruszy z katedry po mszy \u015bw. o g. 9 i dlatego organizatorzy prosz\u0105 o organizowanie parafialnych procesji w p\u00f3\u017aniejszych godzinach. Zatem <strong>nasza procesja wyruszy po mszy \u015bw. o g. 12<\/strong>.                                    <strong>Msze \u015bwi\u0119te o g. 7, 12 i 18.<\/strong><\/p>\n\n\n\n<p>                             <br>Pozosta\u0142e wspomnienia liturgiczne:<br>17.6, wtorek, wspomn. ob.\u015bw. brata Alberta Chmielowskiego, zakonnika;<br>21.6, sobota, wspomn. obowi\u0105zkowe. \u015bw. Alojzego Gonzagi, zakonnika.<\/p>\n\n\n\n<p><strong>Parafialny zesp\u00f3\u0142 synodalny zaprasza<\/strong> wszystkie grupy dzia\u0142aj\u0105ce w parafii                    <strong>w niedziel\u0119 22.6 na msz\u0119 \u015bwi\u0119t\u0105 o g. 12<\/strong> w intencji dzi\u0119kczynnej za pierwsze p\u00f3\u0142rocze i za to, co uda\u0142o nam si\u0119 wsp\u00f3lnie zrobi\u0107.                                                             Po mszy \u015bw. p\u00f3\u0142godzinna adoracja w ciszy.<br>W czerwcu zapraszamy na <strong>nabo\u017ce\u0144stwo do Naj\u015bw. Serca Pana Jezusa po mszy \u015bw.<\/strong> wieczornej (ok.<strong> 18.30<\/strong>).<br>W pi\u0105tek, 20.6, zapraszamy na dodatkow\u0105 msz\u0119 \u015bw. (g. 19) z modlitw\u0105 o uzdrowienie.<br>Ministrant\u00f3w i lektor\u00f3w zapraszamy w sobot\u0119 21.6 o g. 10 na zbi\u00f3rk\u0119.<br>Biuro parafialne czynne w \u015brody i pi\u0105tki od 16 do 17.30.<br>S\u0105 gazety \u201cNiedziela&#8221;, &#8220;Trwajcie w mi\u0142o\u015bci&#8221;, \u201cNowe \u017bycie\u201d i &#8220;Misyjne drogi&#8221;.<\/p>\n","protected":false},"excerpt":{"rendered":"<p>19.6, czwartek, Uroczysto\u015b\u0107 Naj\u015bwi\u0119tszego Cia\u0142a i Krwi Chrystusa.Od dw\u00f3ch lat procesja Bo\u017cego Cia\u0142a wyrusza z naszego ko\u015bcio\u0142a p\u00f3\u017aniej ni\u017c w latach wcze\u015bniejszych. Centralna procesja wyruszy z katedry po mszy \u015bw. o g. 9 i dlatego organizatorzy prosz\u0105 o organizowanie parafialnych procesji w p\u00f3\u017aniejszych godzinach. Zatem nasza procesja wyruszy po mszy \u015bw. o g. 12. Msze &hellip; <a href=\"http:\/\/zalesie.archidiecezja.wroc.pl\/?p=1682\" class=\"more-link\">Continue reading <span class=\"screen-reader-text\">Uroczysto\u015b\u0107 Naj\u015bwi\u0119tszej Tr\u00f3jcy, 15.6.2025 r,<\/span><\/a><\/p>\n","protected":false},"author":1,"featured_media":0,"comment_status":"closed","ping_status":"open","sticky":false,"template":"","format":"standard","meta":[],"categories":[1],"tags":[],"_links":{"self":[{"href":"http:\/\/zalesie.archidiecezja.wroc.pl\/index.php?rest_route=\/wp\/v2\/posts\/1682"}],"collection":[{"href":"http:\/\/zalesie.archidiecezja.wroc.pl\/index.php?rest_route=\/wp\/v2\/posts"}],"about":[{"href":"http:\/\/zalesie.archidiecezja.wroc.pl\/index.php?rest_route=\/wp\/v2\/types\/post"}],"author":[{"embeddable":true,"href":"http:\/\/zalesie.archidiecezja.wroc.pl\/index.php?rest_route=\/wp\/v2\/users\/1"}],"replies":[{"embeddable":true,"href":"http:\/\/zalesie.archidiecezja.wroc.pl\/index.php?rest_route=%2Fwp%2Fv2%2Fcomments&post=1682"}],"version-history":[{"count":1,"href":"http:\/\/zalesie.archidiecezja.wroc.pl\/index.php?rest_route=\/wp\/v2\/posts\/1682\/revisions"}],"predecessor-version":[{"id":1683,"href":"http:\/\/zalesie.archidiecezja.wroc.pl\/index.php?rest_route=\/wp\/v2\/posts\/1682\/revisions\/1683"}],"wp:attachment":[{"href":"http:\/\/zalesie.archidiecezja.wroc.pl\/index.php?rest_route=%2Fwp%2Fv2%2Fmedia&parent=1682"}],"wp:term":[{"taxonomy":"category","embeddable":true,"href":"http:\/\/zalesie.archidiecezja.wroc.pl\/index.php?rest_route=%2Fwp%2Fv2%2Fcategories&post=1682"},{"taxonomy":"post_tag","embeddable":true,"href":"http:\/\/zalesie.archidiecezja.wroc.pl\/index.php?rest_route=%2Fwp%2Fv2%2Ftags&post=1682"}],"curies":[{"name":"wp","href":"https:\/\/api.w.org\/{rel}","templated":true}]}}